{"id":773,"date":"2011-12-17T13:22:43","date_gmt":"2011-12-17T12:22:43","guid":{"rendered":"http:\/\/www.sb-versbach-tischtennis.de\/?p=773"},"modified":"2011-12-19T13:36:52","modified_gmt":"2011-12-19T12:36:52","slug":"michl-muller-begeistert-700-fans-in-der-wurzburger-pleichachtalhalle","status":"publish","type":"post","link":"https:\/\/prev.tt-versbach.de\/?p=773","title":{"rendered":"Michl M\u00fcller begeistert 700 Fans in der W\u00fcrzburger Pleichachtalhalle"},"content":{"rendered":"<div id=\"attachment_759\" style=\"width: 160px\" class=\"wp-caption alignleft\"><a href=\"http:\/\/www.sb-versbach-tischtennis.de\/2011\/12\/17\/michl-muller-begeistert-700-fans-in-der-wurzburger-pleichachtalhalle\/michl-muller_versbach_03-12\/\" rel=\"attachment wp-att-759\"><img aria-describedby=\"caption-attachment-759\" loading=\"lazy\" class=\"size-thumbnail wp-image-759\" title=\"Michl-M\u00fcller am 03.12.2011 in Versbach\" src=\"http:\/\/www.sb-versbach-tischtennis.de\/wp-content\/uploads\/2011\/12\/Michl-M%C3%BCller_Versbach_03.12-150x150.jpg\" alt=\"Michl-M\u00fcller am 03.12.2011 in Versbach\" width=\"150\" height=\"150\" \/><\/a><p id=\"caption-attachment-759\" class=\"wp-caption-text\">Michl-M\u00fcller am 03.12.2011 in Versbach<\/p><\/div>\n<p>Am 3.12.2012 war es wieder mal so weit: Michl M\u00fcller zum 6. Mal in der W\u00fcrzburger Pleichachtalhalle. Die Tischtennisabteilung des Sportbund Versbach hatte eingeladen und die Karten waren, wie bei Michl M\u00fcller gewohnt, bereits wenige Tage nach Kartenvorverkaufs-Beginn vergeben.<\/p>\n<p>Mit etwas \u00fcber 700 Besuchern war die Pleichachtalhalle bis auf den letzten Platz gef\u00fcllt und es wird wahrscheinlich niemand sein Kommen bereut haben. In seiner gewohnt charmanten, leicht verschmitzten Art, brachte der Bad Kissinger M\u00fcller das Publikum im Minutentakt, ein ums andere Mal wieder zum Lachanfall.<\/p>\n<h2>Leipziger Pfefferm\u00fchle im April<\/h2>\n<p>Am 28.4.2012 kommt als n\u00e4chstes eine Abordnung der Leipziger Pfefferm\u00fchle mit ihrem Programm &#8222;da capo&#8220; nach W\u00fcrzburg. Karten gibt es ab sofort im Kartenvorverkauf der Mainpost in\u00a0 der Platttnerstra\u00dfe.\u00a0 Mehr Informationen hierzu im neuen Jahr.<\/p>\n<p><strong>Die Tischtennisabteilung des Sportbund Versbach w\u00fcnscht all seinen Mitgliedern, Fans und Freunden ein frohes Weihnachtsfest und einen guten Rutsch ins neue Jahr!<\/strong><\/p>\n","protected":false},"excerpt":{"rendered":"<p>Am 3.12.2012 war es wieder mal so weit: Michl M\u00fcller zum 6. Mal in der W\u00fcrzburger Pleichachtalhalle. Die Tischtennisabteilung des Sportbund Versbach hatte eingeladen und die Karten waren, wie bei Michl M\u00fcller gewohnt, bereits&#46;&#46;&#46;<\/p>\n","protected":false},"author":2,"featured_media":759,"comment_status":"closed","ping_status":"open","sticky":false,"template":"","format":"standard","meta":[],"categories":[],"tags":[],"_links":{"self":[{"href":"https:\/\/prev.tt-versbach.de\/index.php?rest_route=\/wp\/v2\/posts\/773"}],"collection":[{"href":"https:\/\/prev.tt-versbach.de\/index.php?rest_route=\/wp\/v2\/posts"}],"about":[{"href":"https:\/\/prev.tt-versbach.de\/index.php?rest_route=\/wp\/v2\/types\/post"}],"author":[{"embeddable":true,"href":"https:\/\/prev.tt-versbach.de\/index.php?rest_route=\/wp\/v2\/users\/2"}],"replies":[{"embeddable":true,"href":"https:\/\/prev.tt-versbach.de\/index.php?rest_route=%2Fwp%2Fv2%2Fcomments&post=773"}],"version-history":[{"count":5,"href":"https:\/\/prev.tt-versbach.de\/index.php?rest_route=\/wp\/v2\/posts\/773\/revisions"}],"predecessor-version":[{"id":778,"href":"https:\/\/prev.tt-versbach.de\/index.php?rest_route=\/wp\/v2\/posts\/773\/revisions\/778"}],"wp:featuredmedia":[{"embeddable":true,"href":"https:\/\/prev.tt-versbach.de\/index.php?rest_route=\/wp\/v2\/media\/759"}],"wp:attachment":[{"href":"https:\/\/prev.tt-versbach.de\/index.php?rest_route=%2Fwp%2Fv2%2Fmedia&parent=773"}],"wp:term":[{"taxonomy":"category","embeddable":true,"href":"https:\/\/prev.tt-versbach.de\/index.php?rest_route=%2Fwp%2Fv2%2Fcategories&post=773"},{"taxonomy":"post_tag","embeddable":true,"href":"https:\/\/prev.tt-versbach.de\/index.php?rest_route=%2Fwp%2Fv2%2Ftags&post=773"}],"curies":[{"name":"wp","href":"https:\/\/api.w.org\/{rel}","templated":true}]}}