{"id":713,"date":"2011-11-20T21:19:12","date_gmt":"2011-11-20T20:19:12","guid":{"rendered":"http:\/\/www.sb-versbach-tischtennis.de\/?p=713"},"modified":"2011-11-21T10:20:16","modified_gmt":"2011-11-21T09:20:16","slug":"rabenschwarzes-wochenende-fur-versbachs-damen","status":"publish","type":"post","link":"https:\/\/prev.tt-versbach.de\/?p=713","title":{"rendered":"Rabenschwarzes Wochenende f\u00fcr Versbachs Damen"},"content":{"rendered":"<p>Am Samstag waren die Damen I zu Gast bei Greuther F\u00fcrth II. Das Spiel startete mit einem 0:2 R\u00fcckstand nach den Doppeln, wobei das Doppel Alex\/Silvia erst im 5.Satz verlor. Danach wurden die beiden Einzel auch im 5.Satz verloren. 0:4 . So nahm es seinen Lauf und es konnte kein Punkt erzielt werden. Mit einer 8:0 Niederlage mussten wir die Heimreise antreten. N\u00e4chste Woche sind wir beim Tabellenf\u00fchrer TV Hofstetten I zu Gast, die noch ohne Punktverlust dastehen.<\/p>\n<p>&nbsp;<\/p>\n<p>Am Sonntag spielten die Damen II daheim gegen Hofstetten II. Leider war in diesem Spiel gegen die starke Mannschaft aus Hofstetten nichts zu holen. 0:8 war auch hier der Endstand. Jetzt sind zwei Wochen Pause angesagt, bevor die letzten zwei Vorrundenspiele anstehen.<\/p>\n","protected":false},"excerpt":{"rendered":"<p>Am Samstag waren die Damen I zu Gast bei Greuther F\u00fcrth II. Das Spiel startete mit einem 0:2 R\u00fcckstand nach den Doppeln, wobei das Doppel Alex\/Silvia erst im 5.Satz verlor. Danach wurden die beiden&#46;&#46;&#46;<\/p>\n","protected":false},"author":4,"featured_media":0,"comment_status":"closed","ping_status":"open","sticky":false,"template":"","format":"standard","meta":[],"categories":[],"tags":[],"_links":{"self":[{"href":"https:\/\/prev.tt-versbach.de\/index.php?rest_route=\/wp\/v2\/posts\/713"}],"collection":[{"href":"https:\/\/prev.tt-versbach.de\/index.php?rest_route=\/wp\/v2\/posts"}],"about":[{"href":"https:\/\/prev.tt-versbach.de\/index.php?rest_route=\/wp\/v2\/types\/post"}],"author":[{"embeddable":true,"href":"https:\/\/prev.tt-versbach.de\/index.php?rest_route=\/wp\/v2\/users\/4"}],"replies":[{"embeddable":true,"href":"https:\/\/prev.tt-versbach.de\/index.php?rest_route=%2Fwp%2Fv2%2Fcomments&post=713"}],"version-history":[{"count":6,"href":"https:\/\/prev.tt-versbach.de\/index.php?rest_route=\/wp\/v2\/posts\/713\/revisions"}],"predecessor-version":[{"id":723,"href":"https:\/\/prev.tt-versbach.de\/index.php?rest_route=\/wp\/v2\/posts\/713\/revisions\/723"}],"wp:attachment":[{"href":"https:\/\/prev.tt-versbach.de\/index.php?rest_route=%2Fwp%2Fv2%2Fmedia&parent=713"}],"wp:term":[{"taxonomy":"category","embeddable":true,"href":"https:\/\/prev.tt-versbach.de\/index.php?rest_route=%2Fwp%2Fv2%2Fcategories&post=713"},{"taxonomy":"post_tag","embeddable":true,"href":"https:\/\/prev.tt-versbach.de\/index.php?rest_route=%2Fwp%2Fv2%2Ftags&post=713"}],"curies":[{"name":"wp","href":"https:\/\/api.w.org\/{rel}","templated":true}]}}