{"id":709,"date":"2011-11-18T13:26:47","date_gmt":"2011-11-18T12:26:47","guid":{"rendered":"http:\/\/www.sb-versbach-tischtennis.de\/?p=709"},"modified":"2011-11-18T13:26:47","modified_gmt":"2011-11-18T12:26:47","slug":"samstag-wieder-einmal-groskampftag-in-der-pleichachtalhalle","status":"publish","type":"post","link":"https:\/\/prev.tt-versbach.de\/?p=709","title":{"rendered":"Samstag: Wieder einmal Gro\u00dfkampftag in der Pleichachtalhalle"},"content":{"rendered":"<p>Diesen Samstag finden wieder 4 Tischtennis-Spiele in der Versbacher Pleichachtalhalle statt. Um 14 Uhr kommt in der Tischtennis-Oberliga die\u00a0DJK SpVgg Effeltrich nach W\u00fcrzburg. Die G\u00e4ste waren gegen Kolbermoor mit einem Sieg in die Saison gestartet, warten aber seither auf ein weiteres Erfolgserlebnis &#8211; was es in W\u00fcrzburg hoffentlich nicht geben wird.<\/p>\n<p>Zeitgleich geht auch unsere Elfte gegen den bisher ungeschlagenen Tabellenf\u00fchrer Waldb\u00fcttelbrunn an die Platte. Nachdem aber beim letzten Heimspiel vor 50 Zuschauern Rimpar souver\u00e4n nach Hause geschickt wurde, hoffen wir, dass sich die Mannschaft auch diesmals vom Publikum getragen zum Sieg und damit Tabellenplatz zwei schmettert \ud83d\ude09<\/p>\n<p>Um 19.00 Uhr spielt dann die dritte Herren-Mannschaft gegen Himmelstadt. Da Himmelstadt bisher mit 5 Niederlagen in der Tabelle ganz unten steht, kann das Ziel f\u00fcr Boris Collmann und sein Team nur ein Sieg sein. Dieser w\u00e4re, nach dem Sieg in Lengfurt schon ein gro\u00dfer Schritt in Richtung Klassenerhalt.<\/p>\n<p>Etwas sp\u00e4ter, um 19.30 beginnt dann in der Herren-Landesliga das Spiel unserer zweiten Mannschaft gegen Nordhalben. Auf dem Papier haben Michel Schwartz und seine M\u00e4nner in dem Spiel nicht viel zu melden. Zumahl Merage wohl weiterhin mit seinen R\u00fcckenproblemen ausfallen wird. Aber vielleicht haben sie ja bei Ihrem ersten Sieg in der letzten Woche Blut geleckt?<\/p>\n<h2>Ausw\u00e4rtsspiele<\/h2>\n<p>In der Bayernliga m\u00fcssesn unsere Damen am Samstag in F\u00fcrth antreten. F\u00fcrth, das sich auch im Mittelfeld der Tabelle befindet ist sicherlich ein Gegner auf Augehh\u00f6he und wir k\u00f6nnen alle auf Kerstins Spielbericht gespannt sein.<\/p>\n<p>Weiterhin spielt unsere 4. Jugendmannschaft in der 3. Kreisliga gegen G\u00fcnthersleben 6. und unsere 8. Herrenmannschaft hofft gegen G\u00fcntersleben 3 auf den ersten Punktgewinn.<\/p>\n<h2>Damen II spielen am Sonntag<\/h2>\n<p>Auch am Sonntag rentiert sich ein Besuch in der Pleichachtalhalle. Denn um 16.00 Uhr empf\u00e4ngt unsere zweite Damenmannschaft in der Landesliga den TV 1921 Hofstetten II.\u00a0 Hofstetten kommt, noch ungeschlagen, als Tabellendritter nach W\u00fcrzburg. Nachdem Daniela und Ihre M\u00e4dels aber unter der Woche den zweiten Sieg der Saison einfuhren und jetzt auf dem 6. Tabellenplatz stehen, k\u00f6nnen sie dem Spiel locker entgegensehen.<\/p>\n<p>&nbsp;<\/p>\n","protected":false},"excerpt":{"rendered":"<p>Diesen Samstag finden wieder 4 Tischtennis-Spiele in der Versbacher Pleichachtalhalle statt. Um 14 Uhr kommt in der Tischtennis-Oberliga die\u00a0DJK SpVgg Effeltrich nach W\u00fcrzburg. Die G\u00e4ste waren gegen Kolbermoor mit einem Sieg in die Saison&#46;&#46;&#46;<\/p>\n","protected":false},"author":2,"featured_media":0,"comment_status":"closed","ping_status":"open","sticky":false,"template":"","format":"standard","meta":[],"categories":[],"tags":[],"_links":{"self":[{"href":"https:\/\/prev.tt-versbach.de\/index.php?rest_route=\/wp\/v2\/posts\/709"}],"collection":[{"href":"https:\/\/prev.tt-versbach.de\/index.php?rest_route=\/wp\/v2\/posts"}],"about":[{"href":"https:\/\/prev.tt-versbach.de\/index.php?rest_route=\/wp\/v2\/types\/post"}],"author":[{"embeddable":true,"href":"https:\/\/prev.tt-versbach.de\/index.php?rest_route=\/wp\/v2\/users\/2"}],"replies":[{"embeddable":true,"href":"https:\/\/prev.tt-versbach.de\/index.php?rest_route=%2Fwp%2Fv2%2Fcomments&post=709"}],"version-history":[{"count":3,"href":"https:\/\/prev.tt-versbach.de\/index.php?rest_route=\/wp\/v2\/posts\/709\/revisions"}],"predecessor-version":[{"id":712,"href":"https:\/\/prev.tt-versbach.de\/index.php?rest_route=\/wp\/v2\/posts\/709\/revisions\/712"}],"wp:attachment":[{"href":"https:\/\/prev.tt-versbach.de\/index.php?rest_route=%2Fwp%2Fv2%2Fmedia&parent=709"}],"wp:term":[{"taxonomy":"category","embeddable":true,"href":"https:\/\/prev.tt-versbach.de\/index.php?rest_route=%2Fwp%2Fv2%2Fcategories&post=709"},{"taxonomy":"post_tag","embeddable":true,"href":"https:\/\/prev.tt-versbach.de\/index.php?rest_route=%2Fwp%2Fv2%2Ftags&post=709"}],"curies":[{"name":"wp","href":"https:\/\/api.w.org\/{rel}","templated":true}]}}