{"id":557,"date":"2011-10-07T09:19:07","date_gmt":"2011-10-07T08:19:07","guid":{"rendered":"http:\/\/www.sb-versbach-tischtennis.de\/?p=557"},"modified":"2011-11-15T15:25:56","modified_gmt":"2011-11-15T14:25:56","slug":"unterfrankenderby-in-der-bayernliga-europameister-in-wurzburg","status":"publish","type":"post","link":"https:\/\/prev.tt-versbach.de\/?p=557","title":{"rendered":"Unterfrankenderby in der Bayernliga &#8211; Europameister in W\u00fcrzburg"},"content":{"rendered":"<div id=\"attachment_563\" style=\"width: 160px\" class=\"wp-caption alignleft\"><a href=\"http:\/\/www.sb-versbach-tischtennis.de\/?attachment_id=563\"><img aria-describedby=\"caption-attachment-563\" loading=\"lazy\" class=\"size-thumbnail wp-image-563\" title=\"1. und 2. Mannschaft gehen dieses Wochenende in Versbach an die Platte\" src=\"http:\/\/www.sb-versbach-tischtennis.de\/wp-content\/uploads\/2011\/10\/1u2_Mannschaft-150x150.jpg\" alt=\"1. und 2. Mannschaft gehen dieses Wochenende in Versbach an die Platte\" width=\"150\" height=\"150\" \/><\/a><p id=\"caption-attachment-563\" class=\"wp-caption-text\">1. und 2. Mannschaft gehen dieses Wochenende in Versbach an die Platte<\/p><\/div>\n<p>Diesen Samstag, 7. Oktober, kommt der TSV Bad K\u00f6nigshofen nach W\u00fcrzburg. Ab 14.00 Uhr k\u00f6nnen Tischtennis-Interessierte dann neben dem Aufschlagmonster\u00a0 Vasile Florea auch Jugend-Europameister Kilian Ort in der versbacher Pleichachtalhalle bewundern.<\/p>\n<p>Zeitgleich geht auch die elfte in der 4er Kreisliga ins Derby gegen Rimpar III. Aber auch wenn Julian W\u00fcnsch deshalb an der Platte besch\u00e4ftigt sein wird, wird bestimmt wieder f\u00fcr Kaffee und Kuchen gesorgt sein.<\/p>\n<p>Ab 16.30 Uhr tritt dann unsere achte Mannschaft in der 2. Kreisliga gegen Hettstadt an. Und wer dann noch nicht genug Tischtennis hatte: ab 19.00 geht es dann in der Landesliga f\u00fcr unsere zweite Mannschaft gegen die DJK SpVgg Effeltrich II darum die ersten Z\u00e4hler der Saison zu ergattern.<\/p>\n<p>Zuschauer sind wie immer Herzlich willkommen!<\/p>\n<div id=\"attachment_559\" style=\"width: 160px\" class=\"wp-caption alignleft\"><a href=\"http:\/\/www.sb-versbach-tischtennis.de\/2011\/10\/07\/unterfrankenderby-in-der-bayernliga-europameister-in-wurzburg\/kilian_ort\/\" rel=\"attachment wp-att-559\"><img aria-describedby=\"caption-attachment-559\" loading=\"lazy\" class=\"size-thumbnail wp-image-559\" title=\"Jugendeuropameister mit der Mannschaft:  Kilian Ort (Bild: Marco Steinbrenner)\" src=\"http:\/\/www.sb-versbach-tischtennis.de\/wp-content\/uploads\/2011\/10\/Kilian_Ort-150x150.jpg\" alt=\"Jugendeuropameister mit der Mannschaft: Kilian Ort (Bild: Marco Steinbrenner)\" width=\"150\" height=\"150\" \/><\/a><p id=\"caption-attachment-559\" class=\"wp-caption-text\">Jugendeuropameister mit der Mannschaft: Kilian Ort (Bild: Marco Steinbrenner)<\/p><\/div>\n<p>&nbsp;<\/p>\n<p>&nbsp;<\/p>\n<p>&nbsp;<\/p>\n","protected":false},"excerpt":{"rendered":"<p>Diesen Samstag, 7. Oktober, kommt der TSV Bad K\u00f6nigshofen nach W\u00fcrzburg. Ab 14.00 Uhr k\u00f6nnen Tischtennis-Interessierte dann neben dem Aufschlagmonster\u00a0 Vasile Florea auch Jugend-Europameister Kilian Ort in der versbacher Pleichachtalhalle bewundern. Zeitgleich geht auch&#46;&#46;&#46;<\/p>\n","protected":false},"author":2,"featured_media":563,"comment_status":"closed","ping_status":"open","sticky":false,"template":"","format":"standard","meta":[],"categories":[],"tags":[],"_links":{"self":[{"href":"https:\/\/prev.tt-versbach.de\/index.php?rest_route=\/wp\/v2\/posts\/557"}],"collection":[{"href":"https:\/\/prev.tt-versbach.de\/index.php?rest_route=\/wp\/v2\/posts"}],"about":[{"href":"https:\/\/prev.tt-versbach.de\/index.php?rest_route=\/wp\/v2\/types\/post"}],"author":[{"embeddable":true,"href":"https:\/\/prev.tt-versbach.de\/index.php?rest_route=\/wp\/v2\/users\/2"}],"replies":[{"embeddable":true,"href":"https:\/\/prev.tt-versbach.de\/index.php?rest_route=%2Fwp%2Fv2%2Fcomments&post=557"}],"version-history":[{"count":14,"href":"https:\/\/prev.tt-versbach.de\/index.php?rest_route=\/wp\/v2\/posts\/557\/revisions"}],"predecessor-version":[{"id":708,"href":"https:\/\/prev.tt-versbach.de\/index.php?rest_route=\/wp\/v2\/posts\/557\/revisions\/708"}],"wp:featuredmedia":[{"embeddable":true,"href":"https:\/\/prev.tt-versbach.de\/index.php?rest_route=\/wp\/v2\/media\/563"}],"wp:attachment":[{"href":"https:\/\/prev.tt-versbach.de\/index.php?rest_route=%2Fwp%2Fv2%2Fmedia&parent=557"}],"wp:term":[{"taxonomy":"category","embeddable":true,"href":"https:\/\/prev.tt-versbach.de\/index.php?rest_route=%2Fwp%2Fv2%2Fcategories&post=557"},{"taxonomy":"post_tag","embeddable":true,"href":"https:\/\/prev.tt-versbach.de\/index.php?rest_route=%2Fwp%2Fv2%2Ftags&post=557"}],"curies":[{"name":"wp","href":"https:\/\/api.w.org\/{rel}","templated":true}]}}