{"id":541,"date":"2011-10-03T19:04:27","date_gmt":"2011-10-03T18:04:27","guid":{"rendered":"http:\/\/www.sb-versbach-tischtennis.de\/?p=541"},"modified":"2011-10-03T19:50:06","modified_gmt":"2011-10-03T18:50:06","slug":"hochklassiges-tischtennis-hart-erkampfte-punkte","status":"publish","type":"post","link":"https:\/\/prev.tt-versbach.de\/?p=541","title":{"rendered":"Hochklassiges Tischtennis &#8211; Hart erk\u00e4mpfte Punkte"},"content":{"rendered":"<p><a class=\"shutterset_\" title=\"\" href=\"http:\/\/www.sb-versbach-tischtennis.de\/wp-content\/gallery\/saisonfeier-2011\/2011_spieltag2_22.jpg\" data-rel=\"lightbox-image-0\" data-rl_title=\"\" data-rl_caption=\"\"><img class=\"ngg-singlepic ngg-left alignleft\" src=\"http:\/\/www.sb-versbach-tischtennis.de\/wp-content\/gallery\/saisonfeier-2011\/thumbs\/thumbs_2011_spieltag2_22.jpg\" alt=\"Michael Stock sucht Rat bei Oliver Welt\" \/><\/a>Am Samstag war gro\u00dfkampftag in der Pleichachtalhalle. Mit einer dreiviertelstunde Versp\u00e4tung startete unsere erste Herrenmannschaft ihr erstes Heimspiel der Tischtennis Oberligasaison. Zu Gast war der Post SV Traunstein. Das Team das die letzte Saison einen Platz vor dem Sportbund abschloss, zeigte sich auch diese Saison wieder als ebenb\u00fcrdiger Gegner, so dass es am Ende <strong>8:8<\/strong> hie\u00df.<\/p>\n<p>Vom Sportbund Versbach, der in Bestbesetzung mit <strong>Geist, Kuternozinski, Weinhold, Stock, Welt und Derra<\/strong> spielte, konnte jeder Akteur ein Einzel gewinnen. Dass es am Ende nicht zum Sieg gen\u00fcgt hat, verdankt Traunstein seinem starken Spitzendoppel welches an diesem Abend in der W\u00fcrzburger Pleichachtalhalle beide Spiele gewinnen konnte.<\/p>\n<p><a class=\"shutterset_\" title=\"\" href=\"http:\/\/www.sb-versbach-tischtennis.de\/wp-content\/gallery\/saisonfeier-2011\/2011_spieltag2_32.jpg\" data-rel=\"lightbox-image-1\" data-rl_title=\"\" data-rl_caption=\"\"><img class=\"ngg-singlepic ngg-right alignright\" src=\"http:\/\/www.sb-versbach-tischtennis.de\/wp-content\/gallery\/saisonfeier-2011\/thumbs\/thumbs_2011_spieltag2_32.jpg\" alt=\"Tabellenf\u00fchrung in der Tischtennis Oberliga: Kerstin Hemrich in Erwartung des Gegnerischen Aufschlags\" \/><\/a>Fast gleichzeitig, um 15.00 Uhr hatte unser Damen-Bayernliga-Team seinen Heimauftakt gegen die SpVgg DJK Wolframs-Eschenbach IV. Da Alexandra Heer aktuell noch verletzt ist, musste Daniela Baumann wieder einspringen und war mit einem Doppel- und zwei Einzelpunkten der gewohnt sichere R\u00fcckhalt des Teams.<\/p>\n<p>Unser Team mit\u00a0<strong> St\u00e4blein, Hemrich, Ort und Baumann<\/strong>, lie\u00df sich auch durch einen 2:4 R\u00fcckstand nach dem ersten Durchgang nicht aus der Ruhe bringen und erk\u00e4mpfte sich einen <strong>8:6 Sieg<\/strong> &#8211; und damit wieder die Tabellenf\u00fchrung in der Tischtennis-Bayernliga. Weiter so!<\/p>\n<p>&nbsp;<\/p>\n<p>[nggallery id=1]<\/p>\n","protected":false},"excerpt":{"rendered":"<p>Am Samstag war gro\u00dfkampftag in der Pleichachtalhalle. Mit einer dreiviertelstunde Versp\u00e4tung startete unsere erste Herrenmannschaft ihr erstes Heimspiel der Tischtennis Oberligasaison. Zu Gast war der Post SV Traunstein. Das Team das die letzte Saison&#46;&#46;&#46;<\/p>\n","protected":false},"author":2,"featured_media":0,"comment_status":"closed","ping_status":"open","sticky":false,"template":"","format":"standard","meta":[],"categories":[],"tags":[],"_links":{"self":[{"href":"https:\/\/prev.tt-versbach.de\/index.php?rest_route=\/wp\/v2\/posts\/541"}],"collection":[{"href":"https:\/\/prev.tt-versbach.de\/index.php?rest_route=\/wp\/v2\/posts"}],"about":[{"href":"https:\/\/prev.tt-versbach.de\/index.php?rest_route=\/wp\/v2\/types\/post"}],"author":[{"embeddable":true,"href":"https:\/\/prev.tt-versbach.de\/index.php?rest_route=\/wp\/v2\/users\/2"}],"replies":[{"embeddable":true,"href":"https:\/\/prev.tt-versbach.de\/index.php?rest_route=%2Fwp%2Fv2%2Fcomments&post=541"}],"version-history":[{"count":11,"href":"https:\/\/prev.tt-versbach.de\/index.php?rest_route=\/wp\/v2\/posts\/541\/revisions"}],"predecessor-version":[{"id":549,"href":"https:\/\/prev.tt-versbach.de\/index.php?rest_route=\/wp\/v2\/posts\/541\/revisions\/549"}],"wp:attachment":[{"href":"https:\/\/prev.tt-versbach.de\/index.php?rest_route=%2Fwp%2Fv2%2Fmedia&parent=541"}],"wp:term":[{"taxonomy":"category","embeddable":true,"href":"https:\/\/prev.tt-versbach.de\/index.php?rest_route=%2Fwp%2Fv2%2Fcategories&post=541"},{"taxonomy":"post_tag","embeddable":true,"href":"https:\/\/prev.tt-versbach.de\/index.php?rest_route=%2Fwp%2Fv2%2Ftags&post=541"}],"curies":[{"name":"wp","href":"https:\/\/api.w.org\/{rel}","templated":true}]}}