{"id":537,"date":"2011-09-29T10:15:49","date_gmt":"2011-09-29T09:15:49","guid":{"rendered":"http:\/\/www.sb-versbach-tischtennis.de\/?p=537"},"modified":"2011-09-29T10:15:49","modified_gmt":"2011-09-29T09:15:49","slug":"vorschau-traunstein-und-wolframs-eschenbach-kommen-nach-wurzburg","status":"publish","type":"post","link":"https:\/\/prev.tt-versbach.de\/?p=537","title":{"rendered":"Vorschau: Traunstein und Wolframs-Eschenbach kommen nach W\u00fcrzburg"},"content":{"rendered":"<p><a href=\"http:\/\/www.sb-versbach-tischtennis.de\/?attachment_id=536\" rel=\"attachment wp-att-536\"><img loading=\"lazy\" class=\"alignleft size-thumbnail wp-image-536\" title=\"Tischtennis Schl\u00e4ger\" src=\"http:\/\/www.sb-versbach-tischtennis.de\/wp-content\/uploads\/2011\/09\/Tischtennis_Schlaeger-150x120.jpg\" alt=\"\" width=\"150\" height=\"120\" \/><\/a>Am Samstag, 1. Oktober, begr\u00fc\u00dft der SB Versbach den Post SV Traunstein in der Pleichachtalhalle in W\u00fcrzburg. Spielbeginn ist 14:00 Uhr \u2013 jeder Tischtennisfan ist willkommen.<\/p>\n<p>Fast zur gleichen Zeit (15 Uhr) spielen unsere Damen in der Bayernliga gegen den Aufsteiger Wolframs-Eschenbach IV. Auch hier wird auf zahlreiche Unterst\u00fctzung gehofft.<\/p>\n<p>F\u00fcr Essen und Trinken ist gesorgt \ud83d\ude42<\/p>\n","protected":false},"excerpt":{"rendered":"<p>Am Samstag, 1. Oktober, begr\u00fc\u00dft der SB Versbach den Post SV Traunstein in der Pleichachtalhalle in W\u00fcrzburg. Spielbeginn ist 14:00 Uhr \u2013 jeder Tischtennisfan ist willkommen. Fast zur gleichen Zeit (15 Uhr) spielen unsere&#46;&#46;&#46;<\/p>\n","protected":false},"author":2,"featured_media":536,"comment_status":"closed","ping_status":"open","sticky":false,"template":"","format":"standard","meta":[],"categories":[],"tags":[],"_links":{"self":[{"href":"https:\/\/prev.tt-versbach.de\/index.php?rest_route=\/wp\/v2\/posts\/537"}],"collection":[{"href":"https:\/\/prev.tt-versbach.de\/index.php?rest_route=\/wp\/v2\/posts"}],"about":[{"href":"https:\/\/prev.tt-versbach.de\/index.php?rest_route=\/wp\/v2\/types\/post"}],"author":[{"embeddable":true,"href":"https:\/\/prev.tt-versbach.de\/index.php?rest_route=\/wp\/v2\/users\/2"}],"replies":[{"embeddable":true,"href":"https:\/\/prev.tt-versbach.de\/index.php?rest_route=%2Fwp%2Fv2%2Fcomments&post=537"}],"version-history":[{"count":3,"href":"https:\/\/prev.tt-versbach.de\/index.php?rest_route=\/wp\/v2\/posts\/537\/revisions"}],"predecessor-version":[{"id":540,"href":"https:\/\/prev.tt-versbach.de\/index.php?rest_route=\/wp\/v2\/posts\/537\/revisions\/540"}],"wp:featuredmedia":[{"embeddable":true,"href":"https:\/\/prev.tt-versbach.de\/index.php?rest_route=\/wp\/v2\/media\/536"}],"wp:attachment":[{"href":"https:\/\/prev.tt-versbach.de\/index.php?rest_route=%2Fwp%2Fv2%2Fmedia&parent=537"}],"wp:term":[{"taxonomy":"category","embeddable":true,"href":"https:\/\/prev.tt-versbach.de\/index.php?rest_route=%2Fwp%2Fv2%2Fcategories&post=537"},{"taxonomy":"post_tag","embeddable":true,"href":"https:\/\/prev.tt-versbach.de\/index.php?rest_route=%2Fwp%2Fv2%2Ftags&post=537"}],"curies":[{"name":"wp","href":"https:\/\/api.w.org\/{rel}","templated":true}]}}