{"id":513,"date":"2011-09-26T08:00:12","date_gmt":"2011-09-26T07:00:12","guid":{"rendered":"http:\/\/www.sb-versbach-tischtennis.de\/?p=513"},"modified":"2011-09-26T20:14:16","modified_gmt":"2011-09-26T19:14:16","slug":"versbachs-junge-wilde-starten-mit-unentschieden-in-die-tischtennis-oberliga-saison","status":"publish","type":"post","link":"https:\/\/prev.tt-versbach.de\/?p=513","title":{"rendered":"Versbachs &#8222;Junge Wilde&#8220; starten mit Unentschieden in die Oberliga Saison."},"content":{"rendered":"<div><span><span>Der SB Versbach trat am Samstagnachmittag beim FC Tegernheim (direkt neben Regensburg) zum ersten Saisonspiel an. Die Oberpf\u00e4lzer spielten die letzte Saison noch in der 2. Bundesliga S\u00fcd, zogen jedoch zur\u00fcck und treten nun mit neuformierter Mannschaft in der Oberliga-S\u00fcd an.<\/span><\/span><\/div>\n<div><span><span>\u00a0<\/span><\/span><\/div>\n<div>\n<div id=\"attachment_514\" style=\"width: 310px\" class=\"wp-caption alignleft\"><a href=\"http:\/\/www.sb-versbach-tischtennis.de\/?attachment_id=514\" rel=\"attachment wp-att-514\"><img aria-describedby=\"caption-attachment-514\" loading=\"lazy\" class=\"size-medium wp-image-514\" title=\"1. Tischtennis-Mannschaft des SB Versbach in der Saison 2011\/12\" src=\"..\/wp-content\/uploads\/2011\/09\/Mannschaft-300x236.jpg\" alt=\"1. Tischtennis-Mannschaft des SB Versbach in der Saison 2011\/12\" width=\"300\" height=\"236\" srcset=\"https:\/\/prev.tt-versbach.de\/wp-content\/uploads\/2011\/09\/Mannschaft-300x236.jpg 300w, https:\/\/prev.tt-versbach.de\/wp-content\/uploads\/2011\/09\/Mannschaft-150x118.jpg 150w, https:\/\/prev.tt-versbach.de\/wp-content\/uploads\/2011\/09\/Mannschaft-400x315.jpg 400w, https:\/\/prev.tt-versbach.de\/wp-content\/uploads\/2011\/09\/Mannschaft.jpg 800w\" sizes=\"(max-width: 300px) 100vw, 300px\" \/><\/a><p id=\"caption-attachment-514\" class=\"wp-caption-text\">1. Tischtennis-Mannschaft des SB Versbach in der Saison 2011\/12<\/p><\/div>\n<p><span><span>Nach den Doppeln lag der Sportbund mit 1:2 zur\u00fcck. Das Spitzendoppel Geist\/Kuternozinski verlor \u00fcberraschend in f\u00fcnf S\u00e4tzen. Einen kompletten Fehlstart konnte das Doppel Stock\/Welt noch abwenden. Sie lagen bereits mit 1:2 S\u00e4tzen und 3:7 zur\u00fcck ehe sie das Spiel noch drehen konnten und in f\u00fcnf S\u00e4tzen gewannen.<\/span><\/span><\/p>\n<\/div>\n<div><span><span>Jedoch erwischte das Spitzenpaarkreuz der Versbacher keinen guten Tag und verlor alle vier Einzel. Den zwischenzeitlichen 1:4 R\u00fcckstand wandelte das mittlere und hintere Paarkreuz mit vier\u00a0deutlichen\u00a0Siegen in Folge in eine 5:4 F\u00fchrung um.<\/span><\/span><\/div>\n<div><span><span>Im zweiten Durchgang geriet man mit 5:7 in R\u00fcckstand ehe die Zeit der &#8222;Jungen Wilden&#8220; im Versbacher Team kam. <\/span><\/span><\/div>\n<div><span><span>In der Mitte brillierte der 18 j\u00e4hrige Christoph Weinhold. Er gewann seine\u00a0beiden Einzel souver\u00e4n und beherrschte seine Gegner nach belieben.<\/span><\/span><\/div>\n<div><span><span>\u00a0<\/span><\/span><\/div>\n<div><span><span>Das neuformierte hintere Paarkreuz mit den 20- und 18-j\u00e4hrigen Oliver Welt\u00a0und Nico Derra sicherten schlie\u00dflich dem Sportbund den ersten Punktgewinn in der neuen Saison. Die beiden neuen Youngster im Team gewannen alle vier<\/span><\/span><span><span>Partien. Dabei \u00fcberzeugten beide sowohl k\u00e4mpferisch als auch spielerisch. Somit wurde die Mut des SB Versbach zwei junge Spieler in die Oberliga=Mannschaft zu integrieren gleich im ersten Spiel belohnt!<\/span><\/span><\/div>\n<div><span><span>\u00a0<\/span><\/span><\/div>\n<div><strong><strong>N\u00e4chsten Samstag begr\u00fc\u00dft der SB Versbach\u00a0den Post SV Traunstein in der Pleichachtalhalle in W\u00fcrzburg<\/strong><\/strong><strong>. Spielbeginn ist 14:00 Uhr &#8211; jeder Tischtennisfan ist willkommen.<\/strong><\/div>\n","protected":false},"excerpt":{"rendered":"<p>Der SB Versbach trat am Samstagnachmittag beim FC Tegernheim (direkt neben Regensburg) zum ersten Saisonspiel an. Die Oberpf\u00e4lzer spielten die letzte Saison noch in der 2. Bundesliga S\u00fcd, zogen jedoch zur\u00fcck und treten nun&#46;&#46;&#46;<\/p>\n","protected":false},"author":2,"featured_media":514,"comment_status":"closed","ping_status":"open","sticky":false,"template":"","format":"standard","meta":[],"categories":[],"tags":[],"_links":{"self":[{"href":"https:\/\/prev.tt-versbach.de\/index.php?rest_route=\/wp\/v2\/posts\/513"}],"collection":[{"href":"https:\/\/prev.tt-versbach.de\/index.php?rest_route=\/wp\/v2\/posts"}],"about":[{"href":"https:\/\/prev.tt-versbach.de\/index.php?rest_route=\/wp\/v2\/types\/post"}],"author":[{"embeddable":true,"href":"https:\/\/prev.tt-versbach.de\/index.php?rest_route=\/wp\/v2\/users\/2"}],"replies":[{"embeddable":true,"href":"https:\/\/prev.tt-versbach.de\/index.php?rest_route=%2Fwp%2Fv2%2Fcomments&post=513"}],"version-history":[{"count":17,"href":"https:\/\/prev.tt-versbach.de\/index.php?rest_route=\/wp\/v2\/posts\/513\/revisions"}],"predecessor-version":[{"id":525,"href":"https:\/\/prev.tt-versbach.de\/index.php?rest_route=\/wp\/v2\/posts\/513\/revisions\/525"}],"wp:featuredmedia":[{"embeddable":true,"href":"https:\/\/prev.tt-versbach.de\/index.php?rest_route=\/wp\/v2\/media\/514"}],"wp:attachment":[{"href":"https:\/\/prev.tt-versbach.de\/index.php?rest_route=%2Fwp%2Fv2%2Fmedia&parent=513"}],"wp:term":[{"taxonomy":"category","embeddable":true,"href":"https:\/\/prev.tt-versbach.de\/index.php?rest_route=%2Fwp%2Fv2%2Fcategories&post=513"},{"taxonomy":"post_tag","embeddable":true,"href":"https:\/\/prev.tt-versbach.de\/index.php?rest_route=%2Fwp%2Fv2%2Ftags&post=513"}],"curies":[{"name":"wp","href":"https:\/\/api.w.org\/{rel}","templated":true}]}}