{"id":490,"date":"2011-09-25T13:04:13","date_gmt":"2011-09-25T12:04:13","guid":{"rendered":"http:\/\/www.sb-versbach-tischtennis.de\/?p=490"},"modified":"2011-09-25T13:18:36","modified_gmt":"2011-09-25T12:18:36","slug":"fonsi-begeistert-250-besucher-in-versbach","status":"publish","type":"post","link":"https:\/\/prev.tt-versbach.de\/?p=490","title":{"rendered":"Fonsi begeistert 250 Besucher in Versbach"},"content":{"rendered":"<div id=\"attachment_491\" style=\"width: 160px\" class=\"wp-caption alignleft\"><a href=\"http:\/\/www.sb-versbach-tischtennis.de\/?attachment_id=491\" rel=\"attachment wp-att-491\"><img aria-describedby=\"caption-attachment-491\" loading=\"lazy\" class=\"size-thumbnail wp-image-491\" title=\"Fonsi\" src=\"http:\/\/www.sb-versbach-tischtennis.de\/wp-content\/uploads\/2011\/09\/IMAG0133-150x150.jpg\" alt=\"Christian Springer, alias Fonsi, gab nach seiner Vorstellung noch flei\u00dfig Autogramme\" width=\"150\" height=\"150\" \/><\/a><p id=\"caption-attachment-491\" class=\"wp-caption-text\">Christian Springer, alias Fonsi, gab nach seiner Vorstellung noch flei\u00dfig Autogramme<\/p><\/div>\n<p>Am Samstag Abend war es wieder mal so weit: Kabarett in der Pleichachtalhalle. Diesmal pr\u00e4sentierte die Tischtennisabteilung des SBV Christian Springer, alias &#8222;der Fonsi&#8220;, in W\u00fcrzburg.<\/p>\n<p>In seiner Dienstuniform philosofierte er \u00fcber das Oktoberfest, jammerte \u00fcber den R\u00fcckzug der FDP aus der Politik und schlug auch mal nachdenkliche T\u00f6ne zum Afghanistan-Einsatz der Bundeswehr an. Nach 2 Zugaben und einer Demonstration seiner K\u00fcnste auf der Zitter, machte er dann auch gleich noch Werbung f\u00fcr all seine Kabarett-Kollegen, die noch in die Pleichachtalhalle kommen werden.<\/p>\n<p>Der Federwei\u00dfe, der die letzten beiden Jahre etwas zu s\u00fc\u00df geraten war, kam dieses Jahr wieder besser an und so kann man wohl f\u00fcr die knapp 250 Besucher von einem gelungenen Abend reden.<\/p>\n<p>Als n\u00e4chstes kommt am 3. Dezember Michl M\u00fcller mit seinem Programm &#8222;Schluss! Aus! Fertig!&#8220; in die Pleichachtalhalle.<\/p>\n","protected":false},"excerpt":{"rendered":"<p>Am Samstag Abend war es wieder mal so weit: Kabarett in der Pleichachtalhalle. Diesmal pr\u00e4sentierte die Tischtennisabteilung des SBV Christian Springer, alias &#8222;der Fonsi&#8220;, in W\u00fcrzburg. In seiner Dienstuniform philosofierte er \u00fcber das Oktoberfest,&#46;&#46;&#46;<\/p>\n","protected":false},"author":2,"featured_media":491,"comment_status":"closed","ping_status":"open","sticky":false,"template":"","format":"standard","meta":[],"categories":[],"tags":[],"_links":{"self":[{"href":"https:\/\/prev.tt-versbach.de\/index.php?rest_route=\/wp\/v2\/posts\/490"}],"collection":[{"href":"https:\/\/prev.tt-versbach.de\/index.php?rest_route=\/wp\/v2\/posts"}],"about":[{"href":"https:\/\/prev.tt-versbach.de\/index.php?rest_route=\/wp\/v2\/types\/post"}],"author":[{"embeddable":true,"href":"https:\/\/prev.tt-versbach.de\/index.php?rest_route=\/wp\/v2\/users\/2"}],"replies":[{"embeddable":true,"href":"https:\/\/prev.tt-versbach.de\/index.php?rest_route=%2Fwp%2Fv2%2Fcomments&post=490"}],"version-history":[{"count":6,"href":"https:\/\/prev.tt-versbach.de\/index.php?rest_route=\/wp\/v2\/posts\/490\/revisions"}],"predecessor-version":[{"id":497,"href":"https:\/\/prev.tt-versbach.de\/index.php?rest_route=\/wp\/v2\/posts\/490\/revisions\/497"}],"wp:featuredmedia":[{"embeddable":true,"href":"https:\/\/prev.tt-versbach.de\/index.php?rest_route=\/wp\/v2\/media\/491"}],"wp:attachment":[{"href":"https:\/\/prev.tt-versbach.de\/index.php?rest_route=%2Fwp%2Fv2%2Fmedia&parent=490"}],"wp:term":[{"taxonomy":"category","embeddable":true,"href":"https:\/\/prev.tt-versbach.de\/index.php?rest_route=%2Fwp%2Fv2%2Fcategories&post=490"},{"taxonomy":"post_tag","embeddable":true,"href":"https:\/\/prev.tt-versbach.de\/index.php?rest_route=%2Fwp%2Fv2%2Ftags&post=490"}],"curies":[{"name":"wp","href":"https:\/\/api.w.org\/{rel}","templated":true}]}}