{"id":404,"date":"2011-09-14T17:57:25","date_gmt":"2011-09-14T16:57:25","guid":{"rendered":"http:\/\/www.sb-versbach-tischtennis.de\/?p=404"},"modified":"2011-09-15T07:47:12","modified_gmt":"2011-09-15T06:47:12","slug":"viele-neue-gesichter-iv-daniel-wilhelm","status":"publish","type":"post","link":"https:\/\/prev.tt-versbach.de\/?p=404","title":{"rendered":"Viele neue Gesichter IV: Daniel Wilhelm"},"content":{"rendered":"<div class=\"mceTemp\">\n<dl id=\"attachment_398\" class=\"wp-caption alignleft\" style=\"width: 160px\" data-mce-style=\"width: 160px;\">\n<dt class=\"wp-caption-dt\"><a href=\"http:\/\/www.sb-versbach-tischtennis.de\/?attachment_id=398\" rel=\"attachment wp-att-398\" data-mce-href=\"http:\/\/www.sb-versbach-tischtennis.de\/?attachment_id=398\"><img loading=\"lazy\" class=\"size-thumbnail wp-image-398\" title=\"Daniel_Wilhelm\" src=\"http:\/\/www.sb-versbach-tischtennis.de\/wp-content\/uploads\/2011\/09\/Daniel_Wilhelm-150x150.jpg\" alt=\"Daniel Wilhelm\" data-mce-src=\"http:\/\/www.sb-versbach-tischtennis.de\/wp-content\/uploads\/2011\/09\/Daniel_Wilhelm-150x150.jpg\" height=\"150\" width=\"150\"><\/a><br data-mce-bogus=\"1\"><\/dt>\n<dd class=\"wp-caption-dd\">Daniel Wilhelm<\/dd>\n<\/dl>\n<\/div>\n<p>Die 5. Mannschaft wird heute Ihren Saisonauftakt feiern. Wenn man zu Gast bei der eigenen vierten Mannschaft ist, wird auch Daniel Wilhelm dabei sein. Daniel ist vielen bereits aus Rimpar bekannt; der Rest wird Ihn beim Training kennenlernen, da er kaum eine \u00dcbungsstunde ausl\u00e4sst.<\/p>\n<p>Wir w\u00fcsnchen Ihm einen guten Auftakt f\u00fcr den Sportbund Versbach und hei\u00dfen nat\u00fcrlich alle interresierten herzlich Wilkommen zu Tischtennis der <del>Spitzenklasse<\/del> besonderen Art&nbsp; \ud83d\ude09 , heute um 20:30 in der Pleichachtalhalle: SB Versbach IV gegen SB Versbach V.<\/p>\n","protected":false},"excerpt":{"rendered":"<p>Daniel Wilhelm Die 5. Mannschaft wird heute Ihren Saisonauftakt feiern. Wenn man zu Gast bei der eigenen vierten Mannschaft ist, wird auch Daniel Wilhelm dabei sein. Daniel ist vielen bereits aus Rimpar bekannt; der&#46;&#46;&#46;<\/p>\n","protected":false},"author":2,"featured_media":398,"comment_status":"closed","ping_status":"open","sticky":false,"template":"","format":"standard","meta":[],"categories":[],"tags":[],"_links":{"self":[{"href":"https:\/\/prev.tt-versbach.de\/index.php?rest_route=\/wp\/v2\/posts\/404"}],"collection":[{"href":"https:\/\/prev.tt-versbach.de\/index.php?rest_route=\/wp\/v2\/posts"}],"about":[{"href":"https:\/\/prev.tt-versbach.de\/index.php?rest_route=\/wp\/v2\/types\/post"}],"author":[{"embeddable":true,"href":"https:\/\/prev.tt-versbach.de\/index.php?rest_route=\/wp\/v2\/users\/2"}],"replies":[{"embeddable":true,"href":"https:\/\/prev.tt-versbach.de\/index.php?rest_route=%2Fwp%2Fv2%2Fcomments&post=404"}],"version-history":[{"count":6,"href":"https:\/\/prev.tt-versbach.de\/index.php?rest_route=\/wp\/v2\/posts\/404\/revisions"}],"predecessor-version":[{"id":411,"href":"https:\/\/prev.tt-versbach.de\/index.php?rest_route=\/wp\/v2\/posts\/404\/revisions\/411"}],"wp:featuredmedia":[{"embeddable":true,"href":"https:\/\/prev.tt-versbach.de\/index.php?rest_route=\/wp\/v2\/media\/398"}],"wp:attachment":[{"href":"https:\/\/prev.tt-versbach.de\/index.php?rest_route=%2Fwp%2Fv2%2Fmedia&parent=404"}],"wp:term":[{"taxonomy":"category","embeddable":true,"href":"https:\/\/prev.tt-versbach.de\/index.php?rest_route=%2Fwp%2Fv2%2Fcategories&post=404"},{"taxonomy":"post_tag","embeddable":true,"href":"https:\/\/prev.tt-versbach.de\/index.php?rest_route=%2Fwp%2Fv2%2Ftags&post=404"}],"curies":[{"name":"wp","href":"https:\/\/api.w.org\/{rel}","templated":true}]}}