{"id":325,"date":"2011-09-01T18:22:03","date_gmt":"2011-09-01T17:22:03","guid":{"rendered":"http:\/\/www.sb-versbach-tischtennis.de\/?p=325"},"modified":"2011-09-12T22:14:09","modified_gmt":"2011-09-12T21:14:09","slug":"viele-neue-gesichter-ii","status":"publish","type":"post","link":"https:\/\/prev.tt-versbach.de\/?p=325","title":{"rendered":"Viele neue Gesichter II"},"content":{"rendered":"<div id=\"attachment_324\" style=\"width: 160px\" class=\"wp-caption alignright\"><a href=\"http:\/\/www.sb-versbach-tischtennis.de\/wp-content\/uploads\/2011\/09\/ines-langer-sabrina-negele.jpg\" data-rel=\"lightbox-image-0\" data-rl_title=\"\" data-rl_caption=\"\" title=\"\"><img aria-describedby=\"caption-attachment-324\" loading=\"lazy\" class=\"size-thumbnail wp-image-324\" title=\"ines-langer-sabrina-negele\" src=\"http:\/\/www.sb-versbach-tischtennis.de\/wp-content\/uploads\/2011\/09\/ines-langer-sabrina-negele-150x150.jpg\" alt=\"Ines Langer und Sabrina Negele\" width=\"150\" height=\"150\" \/><\/a><p id=\"caption-attachment-324\" class=\"wp-caption-text\">Ines Langer (links) und Sabrina Negele (Bild: TVO)<\/p><\/div>\n<p>Wie schon im ersten Teil unserer Neuen-Gesichter-Reihe berichtet, d\u00fcrfen wir uns dieses Jahr \u00fcber viele neue Gesichter beim Sportbund Versbach freuen. Die Damen haben mit vier Neuzug\u00e4ngen gleich eine ganze zweite Mannschaft angeheuert. Daniela Baumann Spielt dieses Jahr, als Mannschaftsf\u00fchrerin der zweiten Damenmannschaft zusammen mit Sabrina Negele, Ines Langer, Christina Denz.Kommplettiert wird die Mannschaft von Laura Gutermann, die bereits letzte Saison unsere 9. Herrenmannschaft verst\u00e4rkt hat und Birgit Ort.<\/p>\n<p>Sabrina, Ines kommen aus Ochsenfurt zum Sportbund, die beiden letztes Jahr in der Landesliga an die Platte gingen. Auf Grund der Qualit\u00e4t unserer Neuzug\u00e4nge, darf die neue zweite Damenmannschaft sofort in der Landesliga starten. Wir w\u00fcnschen hierzu alles gute und viel Erfolg!<\/p>\n","protected":false},"excerpt":{"rendered":"<p>Wie schon im ersten Teil unserer Neuen-Gesichter-Reihe berichtet, d\u00fcrfen wir uns dieses Jahr \u00fcber viele neue Gesichter beim Sportbund Versbach freuen. Die Damen haben mit vier Neuzug\u00e4ngen gleich eine ganze zweite Mannschaft angeheuert. Daniela&#46;&#46;&#46;<\/p>\n","protected":false},"author":2,"featured_media":324,"comment_status":"closed","ping_status":"open","sticky":false,"template":"","format":"standard","meta":[],"categories":[],"tags":[],"_links":{"self":[{"href":"https:\/\/prev.tt-versbach.de\/index.php?rest_route=\/wp\/v2\/posts\/325"}],"collection":[{"href":"https:\/\/prev.tt-versbach.de\/index.php?rest_route=\/wp\/v2\/posts"}],"about":[{"href":"https:\/\/prev.tt-versbach.de\/index.php?rest_route=\/wp\/v2\/types\/post"}],"author":[{"embeddable":true,"href":"https:\/\/prev.tt-versbach.de\/index.php?rest_route=\/wp\/v2\/users\/2"}],"replies":[{"embeddable":true,"href":"https:\/\/prev.tt-versbach.de\/index.php?rest_route=%2Fwp%2Fv2%2Fcomments&post=325"}],"version-history":[{"count":5,"href":"https:\/\/prev.tt-versbach.de\/index.php?rest_route=\/wp\/v2\/posts\/325\/revisions"}],"predecessor-version":[{"id":371,"href":"https:\/\/prev.tt-versbach.de\/index.php?rest_route=\/wp\/v2\/posts\/325\/revisions\/371"}],"wp:featuredmedia":[{"embeddable":true,"href":"https:\/\/prev.tt-versbach.de\/index.php?rest_route=\/wp\/v2\/media\/324"}],"wp:attachment":[{"href":"https:\/\/prev.tt-versbach.de\/index.php?rest_route=%2Fwp%2Fv2%2Fmedia&parent=325"}],"wp:term":[{"taxonomy":"category","embeddable":true,"href":"https:\/\/prev.tt-versbach.de\/index.php?rest_route=%2Fwp%2Fv2%2Fcategories&post=325"},{"taxonomy":"post_tag","embeddable":true,"href":"https:\/\/prev.tt-versbach.de\/index.php?rest_route=%2Fwp%2Fv2%2Ftags&post=325"}],"curies":[{"name":"wp","href":"https:\/\/api.w.org\/{rel}","templated":true}]}}