{"id":2689,"date":"2015-03-24T16:30:47","date_gmt":"2015-03-24T15:30:47","guid":{"rendered":"http:\/\/www.sb-versbach-tischtennis.de\/?p=2689"},"modified":"2015-03-24T16:30:47","modified_gmt":"2015-03-24T15:30:47","slug":"2-mannschaft-bayerische-pokalmeisterschaften","status":"publish","type":"post","link":"https:\/\/prev.tt-versbach.de\/?p=2689","title":{"rendered":"2. Mannschaft: Bayerische Pokalmeisterschaften"},"content":{"rendered":"<p>Am Wochenende fanden in Versbach die Bayerischen Pokalmeisterschaften auf Bezirksebene statt.<\/p>\n<p>In der Gruppe mussten wir u. a. gegen den gro\u00dfen Favoriten aus Haiming ran. Und lange sah es nach einer \u00dcberraschung aus. Denn sowohl Stocki als auch Michel konnten ihre beiden ersten Spiele gewinnen, und so f\u00fchrten wir bereits mit 4:2. Leider konnte Stocki in seinem dritten Einzel eine 2:1 Satzf\u00fchrung, und im F\u00fcnften eine 6:3 F\u00fchrung nicht nach hause bringen. Anschlie\u00dfend verlor auch Michel denkbar knapp und Haiming glich zum 4:4 aus. Im letzten Einzel schaffte Andre leider nicht die \u00dcberraschung. Allerdings hatte sein Gegner auch \u00fcber 100 Punkte mehr in der Rangliste.<\/p>\n<p>Dadurch verpassten wir das Finale und die M\u00f6glichkeit sich f\u00fcr die Deutschen Pokalmeisterschaften zu qualifizieren. Am Sonntag um Platz 3 war dann etwas die Luft raus und wir verloren etwas \u00fcberraschend mit 4:5 gegen N\u00fcrnberg. Am Ende stand ein trotzdem guter 4. Platz.<\/p>\n<p>Die Saison der 2. Mannschaft ist nun endg\u00fcltig beendet und in der neuen Saison schlagen wir dann in der Landesliga auf.<\/p>\n","protected":false},"excerpt":{"rendered":"<p>Am Wochenende fanden in Versbach die Bayerischen Pokalmeisterschaften auf Bezirksebene statt. In der Gruppe mussten wir u. a. gegen den gro\u00dfen Favoriten aus Haiming ran. Und lange sah es nach einer \u00dcberraschung aus. Denn&#46;&#46;&#46;<\/p>\n","protected":false},"author":7,"featured_media":0,"comment_status":"closed","ping_status":"closed","sticky":false,"template":"","format":"standard","meta":[],"categories":[],"tags":[],"_links":{"self":[{"href":"https:\/\/prev.tt-versbach.de\/index.php?rest_route=\/wp\/v2\/posts\/2689"}],"collection":[{"href":"https:\/\/prev.tt-versbach.de\/index.php?rest_route=\/wp\/v2\/posts"}],"about":[{"href":"https:\/\/prev.tt-versbach.de\/index.php?rest_route=\/wp\/v2\/types\/post"}],"author":[{"embeddable":true,"href":"https:\/\/prev.tt-versbach.de\/index.php?rest_route=\/wp\/v2\/users\/7"}],"replies":[{"embeddable":true,"href":"https:\/\/prev.tt-versbach.de\/index.php?rest_route=%2Fwp%2Fv2%2Fcomments&post=2689"}],"version-history":[{"count":1,"href":"https:\/\/prev.tt-versbach.de\/index.php?rest_route=\/wp\/v2\/posts\/2689\/revisions"}],"predecessor-version":[{"id":2690,"href":"https:\/\/prev.tt-versbach.de\/index.php?rest_route=\/wp\/v2\/posts\/2689\/revisions\/2690"}],"wp:attachment":[{"href":"https:\/\/prev.tt-versbach.de\/index.php?rest_route=%2Fwp%2Fv2%2Fmedia&parent=2689"}],"wp:term":[{"taxonomy":"category","embeddable":true,"href":"https:\/\/prev.tt-versbach.de\/index.php?rest_route=%2Fwp%2Fv2%2Fcategories&post=2689"},{"taxonomy":"post_tag","embeddable":true,"href":"https:\/\/prev.tt-versbach.de\/index.php?rest_route=%2Fwp%2Fv2%2Ftags&post=2689"}],"curies":[{"name":"wp","href":"https:\/\/api.w.org\/{rel}","templated":true}]}}