{"id":2677,"date":"2015-03-12T10:26:38","date_gmt":"2015-03-12T09:26:38","guid":{"rendered":"http:\/\/www.sb-versbach-tischtennis.de\/?p=2677"},"modified":"2015-03-12T10:27:14","modified_gmt":"2015-03-12T09:27:14","slug":"nachreichung-die-sieger-des-unterfraenkischen-pokals","status":"publish","type":"post","link":"https:\/\/prev.tt-versbach.de\/?p=2677","title":{"rendered":"Nachreichung in Farbe und Bunt: Die Sieger des Unterfr\u00e4nkischen Pokals!"},"content":{"rendered":"<p>Wie bereits berichtet, konnten\u00a0Stocki, Michel und Andr\u00e8 den unterfr\u00e4nkischen Pokal holen und haben sich f\u00fcr die Bayerische Endrunde qualifiziert.<\/p>\n<p>Die finden dieses Jahr am\u00a021.\/22.03. in \u00a0der Versbacher PTH statt und Ihr seid nat\u00fcrlich alle eingeladen unsere Lokal-Matadoren anzufeuern.<\/p>\n<p><a href=\"http:\/\/www.sb-versbach-tischtennis.de\/wp-content\/uploads\/2015\/03\/2015-Bezirks-Pokal_2-Mannschaft.jpg\" data-rel=\"lightbox-image-0\" data-rl_title=\"\" data-rl_caption=\"\" title=\"\"><img loading=\"lazy\" class=\"alignleft size-medium wp-image-2678\" src=\"http:\/\/www.sb-versbach-tischtennis.de\/wp-content\/uploads\/2015\/03\/2015-Bezirks-Pokal_2-Mannschaft-300x225.jpg\" alt=\"2015-Bezirks-Pokal_2-Mannschaft\" width=\"300\" height=\"225\" srcset=\"https:\/\/prev.tt-versbach.de\/wp-content\/uploads\/2015\/03\/2015-Bezirks-Pokal_2-Mannschaft-300x225.jpg 300w, https:\/\/prev.tt-versbach.de\/wp-content\/uploads\/2015\/03\/2015-Bezirks-Pokal_2-Mannschaft-150x113.jpg 150w, https:\/\/prev.tt-versbach.de\/wp-content\/uploads\/2015\/03\/2015-Bezirks-Pokal_2-Mannschaft-400x300.jpg 400w, https:\/\/prev.tt-versbach.de\/wp-content\/uploads\/2015\/03\/2015-Bezirks-Pokal_2-Mannschaft.jpg 1000w\" sizes=\"(max-width: 300px) 100vw, 300px\" \/><\/a><\/p>\n","protected":false},"excerpt":{"rendered":"<p>Wie bereits berichtet, konnten\u00a0Stocki, Michel und Andr\u00e8 den unterfr\u00e4nkischen Pokal holen und haben sich f\u00fcr die Bayerische Endrunde qualifiziert. Die finden dieses Jahr am\u00a021.\/22.03. in \u00a0der Versbacher PTH statt und Ihr seid nat\u00fcrlich alle&#46;&#46;&#46;<\/p>\n","protected":false},"author":2,"featured_media":2678,"comment_status":"closed","ping_status":"closed","sticky":false,"template":"","format":"standard","meta":[],"categories":[],"tags":[],"_links":{"self":[{"href":"https:\/\/prev.tt-versbach.de\/index.php?rest_route=\/wp\/v2\/posts\/2677"}],"collection":[{"href":"https:\/\/prev.tt-versbach.de\/index.php?rest_route=\/wp\/v2\/posts"}],"about":[{"href":"https:\/\/prev.tt-versbach.de\/index.php?rest_route=\/wp\/v2\/types\/post"}],"author":[{"embeddable":true,"href":"https:\/\/prev.tt-versbach.de\/index.php?rest_route=\/wp\/v2\/users\/2"}],"replies":[{"embeddable":true,"href":"https:\/\/prev.tt-versbach.de\/index.php?rest_route=%2Fwp%2Fv2%2Fcomments&post=2677"}],"version-history":[{"count":2,"href":"https:\/\/prev.tt-versbach.de\/index.php?rest_route=\/wp\/v2\/posts\/2677\/revisions"}],"predecessor-version":[{"id":2680,"href":"https:\/\/prev.tt-versbach.de\/index.php?rest_route=\/wp\/v2\/posts\/2677\/revisions\/2680"}],"wp:featuredmedia":[{"embeddable":true,"href":"https:\/\/prev.tt-versbach.de\/index.php?rest_route=\/wp\/v2\/media\/2678"}],"wp:attachment":[{"href":"https:\/\/prev.tt-versbach.de\/index.php?rest_route=%2Fwp%2Fv2%2Fmedia&parent=2677"}],"wp:term":[{"taxonomy":"category","embeddable":true,"href":"https:\/\/prev.tt-versbach.de\/index.php?rest_route=%2Fwp%2Fv2%2Fcategories&post=2677"},{"taxonomy":"post_tag","embeddable":true,"href":"https:\/\/prev.tt-versbach.de\/index.php?rest_route=%2Fwp%2Fv2%2Ftags&post=2677"}],"curies":[{"name":"wp","href":"https:\/\/api.w.org\/{rel}","templated":true}]}}