{"id":2643,"date":"2015-02-15T15:06:16","date_gmt":"2015-02-15T14:06:16","guid":{"rendered":"http:\/\/www.sb-versbach-tischtennis.de\/?p=2643"},"modified":"2015-02-15T15:07:07","modified_gmt":"2015-02-15T14:07:07","slug":"fuer-alle-faschingsmuffel-am-montag-ist-training","status":"publish","type":"post","link":"https:\/\/prev.tt-versbach.de\/?p=2643","title":{"rendered":"F\u00fcr alle Faschingsmuffel: Am Montag ist Training!"},"content":{"rendered":"<p>Am Rosenmontag, 16.2.2015, ist die Pleichachtalhalle f\u00fcr alle die Trainieren wollen und nicht Faschings- oder Grippegesch\u00e4digt sind, ge\u00f6ffnet.<\/p>\n","protected":false},"excerpt":{"rendered":"<p>Am Rosenmontag, 16.2.2015, ist die Pleichachtalhalle f\u00fcr alle die Trainieren wollen und nicht Faschings- oder Grippegesch\u00e4digt sind, ge\u00f6ffnet.<\/p>\n","protected":false},"author":2,"featured_media":0,"comment_status":"closed","ping_status":"closed","sticky":false,"template":"","format":"standard","meta":[],"categories":[],"tags":[],"_links":{"self":[{"href":"https:\/\/prev.tt-versbach.de\/index.php?rest_route=\/wp\/v2\/posts\/2643"}],"collection":[{"href":"https:\/\/prev.tt-versbach.de\/index.php?rest_route=\/wp\/v2\/posts"}],"about":[{"href":"https:\/\/prev.tt-versbach.de\/index.php?rest_route=\/wp\/v2\/types\/post"}],"author":[{"embeddable":true,"href":"https:\/\/prev.tt-versbach.de\/index.php?rest_route=\/wp\/v2\/users\/2"}],"replies":[{"embeddable":true,"href":"https:\/\/prev.tt-versbach.de\/index.php?rest_route=%2Fwp%2Fv2%2Fcomments&post=2643"}],"version-history":[{"count":1,"href":"https:\/\/prev.tt-versbach.de\/index.php?rest_route=\/wp\/v2\/posts\/2643\/revisions"}],"predecessor-version":[{"id":2644,"href":"https:\/\/prev.tt-versbach.de\/index.php?rest_route=\/wp\/v2\/posts\/2643\/revisions\/2644"}],"wp:attachment":[{"href":"https:\/\/prev.tt-versbach.de\/index.php?rest_route=%2Fwp%2Fv2%2Fmedia&parent=2643"}],"wp:term":[{"taxonomy":"category","embeddable":true,"href":"https:\/\/prev.tt-versbach.de\/index.php?rest_route=%2Fwp%2Fv2%2Fcategories&post=2643"},{"taxonomy":"post_tag","embeddable":true,"href":"https:\/\/prev.tt-versbach.de\/index.php?rest_route=%2Fwp%2Fv2%2Ftags&post=2643"}],"curies":[{"name":"wp","href":"https:\/\/api.w.org\/{rel}","templated":true}]}}