{"id":2557,"date":"2014-11-30T13:15:07","date_gmt":"2014-11-30T12:15:07","guid":{"rendered":"http:\/\/www.sb-versbach-tischtennis.de\/?p=2557"},"modified":"2014-11-30T13:15:08","modified_gmt":"2014-11-30T12:15:08","slug":"3-bundesliga-niederlage-gegen-bayern-muenchen","status":"publish","type":"post","link":"https:\/\/prev.tt-versbach.de\/?p=2557","title":{"rendered":"3. Bundesliga: Niederlage gegen Bayern M\u00fcnchen"},"content":{"rendered":"<p>Am Samstag ging es f\u00fcr den SB Versbach gegen den FC Bayern M\u00fcnchen. Es war eines dieser Spiele, in dem man unbedingt punkten wollte im Kampf um den Klassenerhalt. Allerdings verlief der Start in den Doppeln schon denkbar ung\u00fcnstig und man lag nach den beiden ersten Spielen bereits mit 2:0 zur\u00fcck.<\/p>\n<p>Danach verlor Andreas Ball nach hartem Kampf gegen den Ungarn Zsapanos mit 3-1 S\u00e4tzen. Daniel Geist konnte ebenfalls das Ruder f\u00fcr die Versbacher nicht umreisen und musste sich Plattner geschlagen geben. Deshalb hie\u00df es \u00fcberraschenderweise 4-0 f\u00fcr die Hausherren, bevor es in die 15-min\u00fctige Pause ging.<\/p>\n<p>Nach der Pause musste sich Benjamin R\u00f6sner mit 3-1 S\u00e4tzen dem M\u00fcnchner Diemer geschlagen geben. Lediglich Thomas Theissmann konnte gegen Degen den ersten Z\u00e4hler f\u00fcr die Versbacher verbuchen und schlug Degen mit 3-1 S\u00e4tzen.<\/p>\n<p>Beim Zwischenstand von 5-1 f\u00fcr den FC Bayern M\u00fcnchen spielte Andreas Ball gegen Plattner. Ball fand sich schnell mit 1-0 im R\u00fcckstand, konnte aber den zweiten Satz f\u00fcr sich entscheiden. Danach entschied Plattner den 3. Satz f\u00fcr sich, doch Ball konnte erneut ausgleichen, sodass die Partie in den alles entscheidenten 5. Statz ging. Hier konnte sich keiner der beiden Kontrahenten deutlich absetzen, sodass es am Ende 9-9 und 10-10 stand. Ball musste sich jedoch denkbar knapp mit 12-10 im Entscheidungssatz geschlagen geben, was eine 6-1 Niederlage der Versbacher besiegelte. Die Entt\u00e4uschung war gro\u00df im Team der Versbacher, denn man hatte sich hier deutlich mehr erhofft. Doch dieses Ergebnis zeigt erneut wie, ausgeglichen die 3. Bundesliga S\u00fcd ist. Es kann fast jeder gegen jeden gewinnen.<\/p>\n<p>Nun gilt es sich wieder auf das n\u00e4chste Spiel zu konzentrieren, um vielleicht noch den ein oder anderen Gegner in der Vorrunde zu \u00e4rgern. Am kommenden Wochenende geht es am Samstag um 13.45 Uhr in der Pleichachtalhalle in Versbach gegen den Titelfavoriten aus Hilpoltstein.<\/p>\n","protected":false},"excerpt":{"rendered":"<p>Am Samstag ging es f\u00fcr den SB Versbach gegen den FC Bayern M\u00fcnchen. Es war eines dieser Spiele, in dem man unbedingt punkten wollte im Kampf um den Klassenerhalt. Allerdings verlief der Start in&#46;&#46;&#46;<\/p>\n","protected":false},"author":7,"featured_media":0,"comment_status":"closed","ping_status":"closed","sticky":false,"template":"","format":"standard","meta":[],"categories":[],"tags":[],"_links":{"self":[{"href":"https:\/\/prev.tt-versbach.de\/index.php?rest_route=\/wp\/v2\/posts\/2557"}],"collection":[{"href":"https:\/\/prev.tt-versbach.de\/index.php?rest_route=\/wp\/v2\/posts"}],"about":[{"href":"https:\/\/prev.tt-versbach.de\/index.php?rest_route=\/wp\/v2\/types\/post"}],"author":[{"embeddable":true,"href":"https:\/\/prev.tt-versbach.de\/index.php?rest_route=\/wp\/v2\/users\/7"}],"replies":[{"embeddable":true,"href":"https:\/\/prev.tt-versbach.de\/index.php?rest_route=%2Fwp%2Fv2%2Fcomments&post=2557"}],"version-history":[{"count":1,"href":"https:\/\/prev.tt-versbach.de\/index.php?rest_route=\/wp\/v2\/posts\/2557\/revisions"}],"predecessor-version":[{"id":2558,"href":"https:\/\/prev.tt-versbach.de\/index.php?rest_route=\/wp\/v2\/posts\/2557\/revisions\/2558"}],"wp:attachment":[{"href":"https:\/\/prev.tt-versbach.de\/index.php?rest_route=%2Fwp%2Fv2%2Fmedia&parent=2557"}],"wp:term":[{"taxonomy":"category","embeddable":true,"href":"https:\/\/prev.tt-versbach.de\/index.php?rest_route=%2Fwp%2Fv2%2Fcategories&post=2557"},{"taxonomy":"post_tag","embeddable":true,"href":"https:\/\/prev.tt-versbach.de\/index.php?rest_route=%2Fwp%2Fv2%2Ftags&post=2557"}],"curies":[{"name":"wp","href":"https:\/\/api.w.org\/{rel}","templated":true}]}}