{"id":2551,"date":"2014-11-23T21:27:58","date_gmt":"2014-11-23T20:27:58","guid":{"rendered":"http:\/\/www.sb-versbach-tischtennis.de\/?p=2551"},"modified":"2014-11-23T21:27:58","modified_gmt":"2014-11-23T20:27:58","slug":"2-mannschaft-drei-spiele-am-wochenende-drei-siege","status":"publish","type":"post","link":"https:\/\/prev.tt-versbach.de\/?p=2551","title":{"rendered":"2. Mannschaft: Drei Spiele am Wochenende &#8211; Drei Siege"},"content":{"rendered":"<p>Freitag, Samstag und Sonntag musste die Zweite ran. Und gleich am Freitag gegen Niedernberg war ein Kraftakt n\u00f6tig um die wei\u00dfe Weste zu behalten.<\/p>\n<p>Beim 9:5 stand es lange auf der Kippe. Beim Stand von 7:5 spielten Andr\u00e8 Scheer und Daniel Schlagm\u00fcller parallel.<\/p>\n<p>Andr\u00e8 wehrte im F\u00fcnften einen Matchball ab um schlie\u00dflich in der Verl\u00e4ngerung doch noch zu gewinnen.<\/p>\n<p>Daniel lag bereits 0:2 S\u00e4tze zur\u00fcck bevor er seine Aufholjagd startete. Und auch im Entscheidungssatz lag er immer zur\u00fcck 2:5, 5:8. Aber er bog es noch um und sicherte uns mit dem 11:9 den 9:5 Heimsieg!<\/p>\n<p>&nbsp;<\/p>\n<p>Am Samstag wurde es erwartungsgem\u00e4\u00df etwas leichter. Gegen Unterspie\u00dfheim gewannen wir deutlich mit 9:2.<\/p>\n<p>Sonntags ging es nach Zell. Und auch hier lie\u00dfen wir nichts anbrennen. Mit Weini&#8217;s Unterst\u00fctzung gewannen wir mit 9:0.<\/p>\n<p>&nbsp;<\/p>\n<p>N\u00e4chste Woche kommt es in Versbach zum ersten Spitzenspiel gegen M\u00f6nchberg. Beginn 18:30 Uhr.<\/p>\n","protected":false},"excerpt":{"rendered":"<p>Freitag, Samstag und Sonntag musste die Zweite ran. Und gleich am Freitag gegen Niedernberg war ein Kraftakt n\u00f6tig um die wei\u00dfe Weste zu behalten. Beim 9:5 stand es lange auf der Kippe. Beim Stand&#46;&#46;&#46;<\/p>\n","protected":false},"author":7,"featured_media":0,"comment_status":"closed","ping_status":"closed","sticky":false,"template":"","format":"standard","meta":[],"categories":[],"tags":[],"_links":{"self":[{"href":"https:\/\/prev.tt-versbach.de\/index.php?rest_route=\/wp\/v2\/posts\/2551"}],"collection":[{"href":"https:\/\/prev.tt-versbach.de\/index.php?rest_route=\/wp\/v2\/posts"}],"about":[{"href":"https:\/\/prev.tt-versbach.de\/index.php?rest_route=\/wp\/v2\/types\/post"}],"author":[{"embeddable":true,"href":"https:\/\/prev.tt-versbach.de\/index.php?rest_route=\/wp\/v2\/users\/7"}],"replies":[{"embeddable":true,"href":"https:\/\/prev.tt-versbach.de\/index.php?rest_route=%2Fwp%2Fv2%2Fcomments&post=2551"}],"version-history":[{"count":2,"href":"https:\/\/prev.tt-versbach.de\/index.php?rest_route=\/wp\/v2\/posts\/2551\/revisions"}],"predecessor-version":[{"id":2553,"href":"https:\/\/prev.tt-versbach.de\/index.php?rest_route=\/wp\/v2\/posts\/2551\/revisions\/2553"}],"wp:attachment":[{"href":"https:\/\/prev.tt-versbach.de\/index.php?rest_route=%2Fwp%2Fv2%2Fmedia&parent=2551"}],"wp:term":[{"taxonomy":"category","embeddable":true,"href":"https:\/\/prev.tt-versbach.de\/index.php?rest_route=%2Fwp%2Fv2%2Fcategories&post=2551"},{"taxonomy":"post_tag","embeddable":true,"href":"https:\/\/prev.tt-versbach.de\/index.php?rest_route=%2Fwp%2Fv2%2Ftags&post=2551"}],"curies":[{"name":"wp","href":"https:\/\/api.w.org\/{rel}","templated":true}]}}