{"id":2549,"date":"2014-11-18T19:45:11","date_gmt":"2014-11-18T18:45:11","guid":{"rendered":"http:\/\/www.sb-versbach-tischtennis.de\/?p=2549"},"modified":"2014-11-18T19:45:11","modified_gmt":"2014-11-18T18:45:11","slug":"2-titel-bei-den-unterfraenkischen-meisterschaften-der-jugend","status":"publish","type":"post","link":"https:\/\/prev.tt-versbach.de\/?p=2549","title":{"rendered":"2 Titel bei den Unterfr\u00e4nkischen Meisterschaften der Jugend"},"content":{"rendered":"<p>Nachdem der Sportbund erst letzte Woche einen Titel bei den Herren durch Stocki feiern konnte kamen dieses Wochenenden zwei Titel bei der Jugend dazu!<\/p>\n<p>&nbsp;<\/p>\n<p>Daniel Schlagm\u00fcller gewann bei der Jugend das Finale klar mit 3:0. Allerdings musste er im Viertel- und Halbfinale gegen seine Mannschaftskollegen Pit Panzer und Flo Engert \u00fcber die volle Distanz gehen und gewann jeweils denkbar knapp mit 3:2. Julian Schr\u00f6der gewann seine Gruppe klar verlor dann aber im Viertelfinale.<\/p>\n<p>Einzel: 1. Daniel und 3. Flo<\/p>\n<p>Pit und Flo trumpften daf\u00fcr zusammen im Doppel auf! Sie wurden ohne Satzverlust souver\u00e4ner Unterfr\u00e4nkischer Meister!<\/p>\n<p>Doppel: 1. Pit und Flo<\/p>\n<p>Bei den M\u00e4dchen schaffte es Jenni im Einzel ins Viertelfinale und im Doppel als Dritte sogar den Sprung aufs Podium.<\/p>\n<p>Wir gratulieren unseren Startern zur erfolgreichen Unterfr\u00e4nkischen!<\/p>\n","protected":false},"excerpt":{"rendered":"<p>Nachdem der Sportbund erst letzte Woche einen Titel bei den Herren durch Stocki feiern konnte kamen dieses Wochenenden zwei Titel bei der Jugend dazu! &nbsp; Daniel Schlagm\u00fcller gewann bei der Jugend das Finale klar&#46;&#46;&#46;<\/p>\n","protected":false},"author":7,"featured_media":0,"comment_status":"closed","ping_status":"closed","sticky":false,"template":"","format":"standard","meta":[],"categories":[],"tags":[],"_links":{"self":[{"href":"https:\/\/prev.tt-versbach.de\/index.php?rest_route=\/wp\/v2\/posts\/2549"}],"collection":[{"href":"https:\/\/prev.tt-versbach.de\/index.php?rest_route=\/wp\/v2\/posts"}],"about":[{"href":"https:\/\/prev.tt-versbach.de\/index.php?rest_route=\/wp\/v2\/types\/post"}],"author":[{"embeddable":true,"href":"https:\/\/prev.tt-versbach.de\/index.php?rest_route=\/wp\/v2\/users\/7"}],"replies":[{"embeddable":true,"href":"https:\/\/prev.tt-versbach.de\/index.php?rest_route=%2Fwp%2Fv2%2Fcomments&post=2549"}],"version-history":[{"count":1,"href":"https:\/\/prev.tt-versbach.de\/index.php?rest_route=\/wp\/v2\/posts\/2549\/revisions"}],"predecessor-version":[{"id":2550,"href":"https:\/\/prev.tt-versbach.de\/index.php?rest_route=\/wp\/v2\/posts\/2549\/revisions\/2550"}],"wp:attachment":[{"href":"https:\/\/prev.tt-versbach.de\/index.php?rest_route=%2Fwp%2Fv2%2Fmedia&parent=2549"}],"wp:term":[{"taxonomy":"category","embeddable":true,"href":"https:\/\/prev.tt-versbach.de\/index.php?rest_route=%2Fwp%2Fv2%2Fcategories&post=2549"},{"taxonomy":"post_tag","embeddable":true,"href":"https:\/\/prev.tt-versbach.de\/index.php?rest_route=%2Fwp%2Fv2%2Ftags&post=2549"}],"curies":[{"name":"wp","href":"https:\/\/api.w.org\/{rel}","templated":true}]}}