{"id":2475,"date":"2014-09-29T05:48:15","date_gmt":"2014-09-29T04:48:15","guid":{"rendered":"http:\/\/www.sb-versbach-tischtennis.de\/?p=2475"},"modified":"2014-09-29T05:48:15","modified_gmt":"2014-09-29T04:48:15","slug":"2-mannschaft-und-1-jugend-starten-mit-klaren-siegen-in-die-saison","status":"publish","type":"post","link":"https:\/\/prev.tt-versbach.de\/?p=2475","title":{"rendered":"2. Mannschaft und 1.  Jugend starten mit klaren Siegen in die Saison"},"content":{"rendered":"<p>Nachdem man am Mittwoch bereits in B\u00fcrgstadt in der ersten Pokalrunde mit 5:0 gegen die zweite Mannschaft gewann traf man samstags\u00a0zu hause auf die erste Mannschaft des TV B\u00fcrgstadt 1885.<br \/>\nUnd besser h\u00e4tte man nicht starten k\u00f6nnen. Am Ende stand ein ungef\u00e4hrdeter 9:0 Sieg wobei lediglich 3 S\u00e4tze abgegeben wurden. Das Ziel diese Saison ist der Wiederaufstieg in die Landesliga.<\/p>\n<p>Und auch die Jugend gewann am Sonntag gegen Post SV N\u00fcrnberg deutlich mit 8:2. Lediglich ein Doppel und ein Einzel gingen an die Mittelfranken. N\u00e4chste Woche spielt man beim Meisterschaftsfavoriten aus Windsbach. Leider konnte kein Ausweichtermin gefunden werden obwohl wir uns\u00a0fr\u00fchzeitig\u00a0 darum bem\u00fcht haben. Und so m\u00fcssen wir hier ersatzgeschw\u00e4cht antreten.<\/p>\n","protected":false},"excerpt":{"rendered":"<p>Nachdem man am Mittwoch bereits in B\u00fcrgstadt in der ersten Pokalrunde mit 5:0 gegen die zweite Mannschaft gewann traf man samstags\u00a0zu hause auf die erste Mannschaft des TV B\u00fcrgstadt 1885. Und besser h\u00e4tte man&#46;&#46;&#46;<\/p>\n","protected":false},"author":7,"featured_media":0,"comment_status":"closed","ping_status":"closed","sticky":false,"template":"","format":"standard","meta":[],"categories":[],"tags":[],"_links":{"self":[{"href":"https:\/\/prev.tt-versbach.de\/index.php?rest_route=\/wp\/v2\/posts\/2475"}],"collection":[{"href":"https:\/\/prev.tt-versbach.de\/index.php?rest_route=\/wp\/v2\/posts"}],"about":[{"href":"https:\/\/prev.tt-versbach.de\/index.php?rest_route=\/wp\/v2\/types\/post"}],"author":[{"embeddable":true,"href":"https:\/\/prev.tt-versbach.de\/index.php?rest_route=\/wp\/v2\/users\/7"}],"replies":[{"embeddable":true,"href":"https:\/\/prev.tt-versbach.de\/index.php?rest_route=%2Fwp%2Fv2%2Fcomments&post=2475"}],"version-history":[{"count":2,"href":"https:\/\/prev.tt-versbach.de\/index.php?rest_route=\/wp\/v2\/posts\/2475\/revisions"}],"predecessor-version":[{"id":2478,"href":"https:\/\/prev.tt-versbach.de\/index.php?rest_route=\/wp\/v2\/posts\/2475\/revisions\/2478"}],"wp:attachment":[{"href":"https:\/\/prev.tt-versbach.de\/index.php?rest_route=%2Fwp%2Fv2%2Fmedia&parent=2475"}],"wp:term":[{"taxonomy":"category","embeddable":true,"href":"https:\/\/prev.tt-versbach.de\/index.php?rest_route=%2Fwp%2Fv2%2Fcategories&post=2475"},{"taxonomy":"post_tag","embeddable":true,"href":"https:\/\/prev.tt-versbach.de\/index.php?rest_route=%2Fwp%2Fv2%2Ftags&post=2475"}],"curies":[{"name":"wp","href":"https:\/\/api.w.org\/{rel}","templated":true}]}}