{"id":2443,"date":"2014-09-07T20:47:23","date_gmt":"2014-09-07T19:47:23","guid":{"rendered":"http:\/\/www.sb-versbach-tischtennis.de\/?p=2443"},"modified":"2014-09-07T20:47:23","modified_gmt":"2014-09-07T19:47:23","slug":"versbach-verliert-nach-hartem-kampf-gegen-mainz-mit-36","status":"publish","type":"post","link":"https:\/\/prev.tt-versbach.de\/?p=2443","title":{"rendered":"Versbach verliert nach hartem Kampf gegen Mainz mit 3:6"},"content":{"rendered":"<p>Nach stimmungsvollem Einmarsch ging es f\u00fcr die Versbacher in das neue Kapitel 3. Bundesliga. Vor mehr als 100 begeisterten Zuschauern, fanden sich die Franken nach hartem Fight in einem 0:2 R\u00fcckstand nach den Doppeln. Beide Spiele gingen denkbar knapp an die G\u00e4ste. Im vorderen Paarkreuz gewann Daniel Geist gegen die Nummer 1 der G\u00e4ste nach tollem Spiel mit 3:2 S\u00e4tzen, w\u00e4hrend Andreas Ball sich dem chilenischen Spitzenspieler und amtierenden S\u00fcdamerika-Meister Olivares geschlagen geben musste.<\/p>\n<p>Im hinteren Paarkreuz konnte Thomas Theissmann sein Debut f\u00fcr den Sportbund mit einem Einzelsieg erfolgreich gestalten. Benjamin R\u00f6sner verlor nach spektakul\u00e4ren Ballwechseln gegen den Tschechen Bajger knapp mit 3:1 S\u00e4tzen. Somit hie\u00df der Zwischenstand nach dem ersten Durchgang 4-2 f\u00fcr Mainz.<\/p>\n<p>Anschlie\u00dfend schaffte es Daniel Geist nach spektakul\u00e4rem Spiel den Chilenen Olivares zu bezwingen. Die Zuschauer waren begeistert und brachten ihre Stimmung lautstark zum Ausdruck. Am Nachbartisch musste sich Andreas Ball dem Mainzer Jost geschlagen geben.<\/p>\n<p>Anschlie\u00dfend verlor der Neuzugang Thomas Theissmann knapp mit 3:1 S\u00e4tzen gegen Bajger. Die Versbacher mussten somit die erste Saisonniederlage gegen die favorisierten Mainzer einstecken.<\/p>\n<p>Am kommenden Samstag steigt um 14 Uhr in der Pleichachtalhalle das Frankenderby gegen den TTC Wohlbach. Hier geht es f\u00fcr den Sportbund um wichtige Z\u00e4hler f\u00fcr den Klassenerhalt. Das Frankenquartett freut sich erneut auf die Unterst\u00fctzung zahlreicher Fans!<\/p>\n<p>Viele Gr\u00fc\u00dfe,<\/p>\n<p>Andreas Ball<\/p>\n","protected":false},"excerpt":{"rendered":"<p>Nach stimmungsvollem Einmarsch ging es f\u00fcr die Versbacher in das neue Kapitel 3. Bundesliga. Vor mehr als 100 begeisterten Zuschauern, fanden sich die Franken nach hartem Fight in einem 0:2 R\u00fcckstand nach den Doppeln.&#46;&#46;&#46;<\/p>\n","protected":false},"author":7,"featured_media":0,"comment_status":"closed","ping_status":"closed","sticky":false,"template":"","format":"standard","meta":[],"categories":[],"tags":[],"_links":{"self":[{"href":"https:\/\/prev.tt-versbach.de\/index.php?rest_route=\/wp\/v2\/posts\/2443"}],"collection":[{"href":"https:\/\/prev.tt-versbach.de\/index.php?rest_route=\/wp\/v2\/posts"}],"about":[{"href":"https:\/\/prev.tt-versbach.de\/index.php?rest_route=\/wp\/v2\/types\/post"}],"author":[{"embeddable":true,"href":"https:\/\/prev.tt-versbach.de\/index.php?rest_route=\/wp\/v2\/users\/7"}],"replies":[{"embeddable":true,"href":"https:\/\/prev.tt-versbach.de\/index.php?rest_route=%2Fwp%2Fv2%2Fcomments&post=2443"}],"version-history":[{"count":1,"href":"https:\/\/prev.tt-versbach.de\/index.php?rest_route=\/wp\/v2\/posts\/2443\/revisions"}],"predecessor-version":[{"id":2444,"href":"https:\/\/prev.tt-versbach.de\/index.php?rest_route=\/wp\/v2\/posts\/2443\/revisions\/2444"}],"wp:attachment":[{"href":"https:\/\/prev.tt-versbach.de\/index.php?rest_route=%2Fwp%2Fv2%2Fmedia&parent=2443"}],"wp:term":[{"taxonomy":"category","embeddable":true,"href":"https:\/\/prev.tt-versbach.de\/index.php?rest_route=%2Fwp%2Fv2%2Fcategories&post=2443"},{"taxonomy":"post_tag","embeddable":true,"href":"https:\/\/prev.tt-versbach.de\/index.php?rest_route=%2Fwp%2Fv2%2Ftags&post=2443"}],"curies":[{"name":"wp","href":"https:\/\/api.w.org\/{rel}","templated":true}]}}