{"id":2378,"date":"2014-08-19T07:39:59","date_gmt":"2014-08-19T06:39:59","guid":{"rendered":"http:\/\/www.sb-versbach-tischtennis.de\/?p=2378"},"modified":"2014-08-19T07:40:06","modified_gmt":"2014-08-19T06:40:06","slug":"saisoneroeffnung-am-12-9-2014-bei-der-wuerzburger-hofbraeu","status":"publish","type":"post","link":"https:\/\/prev.tt-versbach.de\/?p=2378","title":{"rendered":"Saisoner\u00f6ffnung am 12.9.2014 bei der W\u00fcrzburger Hofbr\u00e4u!"},"content":{"rendered":"<p><a href=\"http:\/\/www.sb-versbach-tischtennis.de\/stadtmeisterschaft\/whb_logo_4c\/\" rel=\"attachment wp-att-1816\"><img loading=\"lazy\" class=\"alignleft size-full wp-image-1816\" src=\"http:\/\/www.sb-versbach-tischtennis.de\/wp-content\/uploads\/2013\/05\/WHB_Logo_4c.jpg\" alt=\"WHB_Logo_4c\" width=\"120\" height=\"133\" \/><\/a>Auch dieses Jahr erm\u00f6glicht uns die W\u00fcrzburger Hofbr\u00e4u wieder ein Essen im Braust\u00fcberl. Leider wird es dieses Jahr keine F\u00fchrung geben, da am gew\u00e4hlten Datum: &#8211; dem 12. September &#8211; kein Werksstudent zur Verf\u00fcgung steht.<\/p>\n<p>Deshalb treffen wir uns um <strong>am Freitag 12.9.2014, um 19.00 Uhr<\/strong> bei der Hofbr\u00e4u am Eingang.<\/p>\n<p>F\u00fcr die Planung ben\u00f6tigen wir aber vorher wieder eure Anmeldung. Also meldet euch bitte bei<br \/>\nChrissi (0163 260 31 13) oder Seppo (0170 345 17 73) und gebt Bescheid wenn Ihr dabei seid.<\/p>\n<p>Viele Gr\u00fc\u00dfe<\/p>\n<p>Eure Abteilungsleitung<\/p>\n","protected":false},"excerpt":{"rendered":"<p>Auch dieses Jahr erm\u00f6glicht uns die W\u00fcrzburger Hofbr\u00e4u wieder ein Essen im Braust\u00fcberl. Leider wird es dieses Jahr keine F\u00fchrung geben, da am gew\u00e4hlten Datum: &#8211; dem 12. September &#8211; kein Werksstudent zur Verf\u00fcgung&#46;&#46;&#46;<\/p>\n","protected":false},"author":2,"featured_media":1816,"comment_status":"closed","ping_status":"closed","sticky":false,"template":"","format":"standard","meta":[],"categories":[],"tags":[],"_links":{"self":[{"href":"https:\/\/prev.tt-versbach.de\/index.php?rest_route=\/wp\/v2\/posts\/2378"}],"collection":[{"href":"https:\/\/prev.tt-versbach.de\/index.php?rest_route=\/wp\/v2\/posts"}],"about":[{"href":"https:\/\/prev.tt-versbach.de\/index.php?rest_route=\/wp\/v2\/types\/post"}],"author":[{"embeddable":true,"href":"https:\/\/prev.tt-versbach.de\/index.php?rest_route=\/wp\/v2\/users\/2"}],"replies":[{"embeddable":true,"href":"https:\/\/prev.tt-versbach.de\/index.php?rest_route=%2Fwp%2Fv2%2Fcomments&post=2378"}],"version-history":[{"count":1,"href":"https:\/\/prev.tt-versbach.de\/index.php?rest_route=\/wp\/v2\/posts\/2378\/revisions"}],"predecessor-version":[{"id":2379,"href":"https:\/\/prev.tt-versbach.de\/index.php?rest_route=\/wp\/v2\/posts\/2378\/revisions\/2379"}],"wp:featuredmedia":[{"embeddable":true,"href":"https:\/\/prev.tt-versbach.de\/index.php?rest_route=\/wp\/v2\/media\/1816"}],"wp:attachment":[{"href":"https:\/\/prev.tt-versbach.de\/index.php?rest_route=%2Fwp%2Fv2%2Fmedia&parent=2378"}],"wp:term":[{"taxonomy":"category","embeddable":true,"href":"https:\/\/prev.tt-versbach.de\/index.php?rest_route=%2Fwp%2Fv2%2Fcategories&post=2378"},{"taxonomy":"post_tag","embeddable":true,"href":"https:\/\/prev.tt-versbach.de\/index.php?rest_route=%2Fwp%2Fv2%2Ftags&post=2378"}],"curies":[{"name":"wp","href":"https:\/\/api.w.org\/{rel}","templated":true}]}}