{"id":2348,"date":"2014-06-30T09:17:41","date_gmt":"2014-06-30T08:17:41","guid":{"rendered":"http:\/\/www.sb-versbach-tischtennis.de\/?p=2348"},"modified":"2014-06-30T09:18:34","modified_gmt":"2014-06-30T08:18:34","slug":"hubert-uhl-ist-neuer-abteilungsleiter","status":"publish","type":"post","link":"https:\/\/prev.tt-versbach.de\/?p=2348","title":{"rendered":"Hubert Uhl ist neuer Abteilungsleiter"},"content":{"rendered":"<div id=\"attachment_2349\" style=\"width: 160px\" class=\"wp-caption alignleft\"><a href=\"http:\/\/www.sb-versbach-tischtennis.de\/2014\/06\/30\/hubert-uhl-ist-neuer-abteilungsleiter\/ries_uhl\/\" rel=\"attachment wp-att-2349\"><img aria-describedby=\"caption-attachment-2349\" loading=\"lazy\" class=\"size-thumbnail wp-image-2349\" src=\"http:\/\/www.sb-versbach-tischtennis.de\/wp-content\/uploads\/2014\/06\/Ries_Uhl-150x150.jpg\" alt=\"Vereins-Vorstand Christine Rie\u00df gratuliert Hubert Uhl zur Wahl zum Abteilungsleiter der Tischtennisabteilung\" width=\"150\" height=\"150\" \/><\/a><p id=\"caption-attachment-2349\" class=\"wp-caption-text\">Vereins-Vorstand Christine Rie\u00df gratuliert Hubert Uhl zur Wahl zum Abteilungsleiter der Tischtennisabteilung<\/p><\/div>\n<p>Am 23.6.2014 fand in der Rochusstube die Jahreshauptversammlung der Tischtennisabteilung statt. Neben den Berichten der Ressortleiter und standen auch die Neuwahl der Abteilungsleitung an. Da bereits im Voraus die Lage sondiert und Freiwillige gesucht wurden, und w\u00e4hrend der Versammlung keine Gegenvorschl\u00e4ge kamen, konnten die Wahlen schnell und jeweils ohne Gegenstimmen durchgef\u00fchrt werden.<\/p>\n<p>F\u00fcr Boris Collmann, der das Amt provisorisch inne hatte, \u00fcbernimmt ab sofort Hubert Uhl die Abteilungsleitung. Besonders froh sind wir \u00fcber unseren neuen Schriftf\u00fchrer, da sich hierf\u00fcr niemand im Vorfeld bereit erkl\u00e4rt hatte. Auf der Versammlung wurde dann Walter Knorz vorgeschlagen und ebenfalls einstimmig gew\u00e4hlt. Wir freuen uns, Walter im Kreise der Abteilungsleitung begr\u00fc\u00dfen zu d\u00fcrfen &#8211; ebenso wie all die anderen neuen Abteilungsleiter.<\/p>\n<p>Im folgenden die Ressorts mit den neu gew\u00e4hlten Verantwortlichen:<\/p>\n<ul>\n<li>Abteilungsleitung: Hubert Uhl<\/li>\n<li>Stellv. Abteilungsleiter\/Ressort Sport: Michel Schwartz<\/li>\n<li>Ressortleitung Sport: Michael Stock<\/li>\n<li>Ressort Finanzen und 2. stellv. Abteilungsleiter: Gunter Scheller<\/li>\n<li>Ressort Jugend: Kerstin Hemrich<\/li>\n<li>Ressortleitung Organisation: Chrissi Denz<\/li>\n<li>Stellv. Ressort Organisation: Michael Treutlein<\/li>\n<li>Ressortleiter Verwaltung: Michael Fabian<\/li>\n<li>Ressort \u00d6ffentlichkeit: Liebing Stefan<\/li>\n<li>Inventarpflege, Zeugwart: Julian W\u00fcnsch<\/li>\n<li>Schriftf\u00fchrer. Walter Knorz<\/li>\n<\/ul>\n","protected":false},"excerpt":{"rendered":"<p>Am 23.6.2014 fand in der Rochusstube die Jahreshauptversammlung der Tischtennisabteilung statt. Neben den Berichten der Ressortleiter und standen auch die Neuwahl der Abteilungsleitung an. Da bereits im Voraus die Lage sondiert und Freiwillige gesucht&#46;&#46;&#46;<\/p>\n","protected":false},"author":2,"featured_media":2349,"comment_status":"closed","ping_status":"closed","sticky":false,"template":"","format":"standard","meta":[],"categories":[],"tags":[],"_links":{"self":[{"href":"https:\/\/prev.tt-versbach.de\/index.php?rest_route=\/wp\/v2\/posts\/2348"}],"collection":[{"href":"https:\/\/prev.tt-versbach.de\/index.php?rest_route=\/wp\/v2\/posts"}],"about":[{"href":"https:\/\/prev.tt-versbach.de\/index.php?rest_route=\/wp\/v2\/types\/post"}],"author":[{"embeddable":true,"href":"https:\/\/prev.tt-versbach.de\/index.php?rest_route=\/wp\/v2\/users\/2"}],"replies":[{"embeddable":true,"href":"https:\/\/prev.tt-versbach.de\/index.php?rest_route=%2Fwp%2Fv2%2Fcomments&post=2348"}],"version-history":[{"count":2,"href":"https:\/\/prev.tt-versbach.de\/index.php?rest_route=\/wp\/v2\/posts\/2348\/revisions"}],"predecessor-version":[{"id":2351,"href":"https:\/\/prev.tt-versbach.de\/index.php?rest_route=\/wp\/v2\/posts\/2348\/revisions\/2351"}],"wp:featuredmedia":[{"embeddable":true,"href":"https:\/\/prev.tt-versbach.de\/index.php?rest_route=\/wp\/v2\/media\/2349"}],"wp:attachment":[{"href":"https:\/\/prev.tt-versbach.de\/index.php?rest_route=%2Fwp%2Fv2%2Fmedia&parent=2348"}],"wp:term":[{"taxonomy":"category","embeddable":true,"href":"https:\/\/prev.tt-versbach.de\/index.php?rest_route=%2Fwp%2Fv2%2Fcategories&post=2348"},{"taxonomy":"post_tag","embeddable":true,"href":"https:\/\/prev.tt-versbach.de\/index.php?rest_route=%2Fwp%2Fv2%2Ftags&post=2348"}],"curies":[{"name":"wp","href":"https:\/\/api.w.org\/{rel}","templated":true}]}}