{"id":2270,"date":"2014-04-14T12:02:17","date_gmt":"2014-04-14T11:02:17","guid":{"rendered":"http:\/\/www.sb-versbach-tischtennis.de\/?p=2270"},"modified":"2014-04-14T12:02:17","modified_gmt":"2014-04-14T11:02:17","slug":"88-gegen-wohlbach-zum-saisonende","status":"publish","type":"post","link":"https:\/\/prev.tt-versbach.de\/?p=2270","title":{"rendered":"8:8 gegen Wohlbach zum Saisonende"},"content":{"rendered":"<p>Im letzten Saisonspiel der Tischtennis Regionalliga S\u00fcd musste der SB Versbach beim Tabellendritten in Wohlbach antreten. Die Gastgeber mussten aufgrund einer Verletzung auf ihre Nummer Zwei verzichten, der seine Spiele kampflos abgab. W\u00e4hrend die Mannschaft vom SB Versbach ebenfalls auf ihren Kapit\u00e4n Michael Stock verzichten musste. Michel Schwartz kam f\u00fcr Stock zu seinem ersten Saisoneinsatz.<\/p>\n<p>Die Gastgeber konnten nach den Doppeln mit 2:1 in F\u00fchrung gehen. Im ersten Durchgang der Einzel lief es f\u00fcr die Versbacher nicht sonderlich gut. Lediglich Daniel Geist konnte den ersten seiner zwei Z\u00e4hler beisteuern, sodass sich die W\u00fcrzburger schnell in einem 6-3 R\u00fcckstand befanden. Als Benni R\u00f6sner noch gegen den bulgarischen Spitzenspieler Grozdan Grozdanov nach hartem Kampf verlor, stand es bereits 7-3 f\u00fcr die Gastgeber und die Lage schien aussichtlos zu sein.<\/p>\n<p>Ab diesem Zeitpunkt konnte das Team aus Versbach jedoch erneut ihren Kampfgeist zur\u00fcck gewinnen. Geist und Weinhold starteten mit ihren beiden Einzel Erfolgen eine Serie, obwohl sich Oliver Welt nach einem hartumk\u00e4mpften Spiel Marc Seidler geschlagen geben musste. Die Gastgeber lagen nun mit 8-6 vorne und ben\u00f6tigten nur noch einen Z\u00e4hler zum Erfolg. Dann kam Michel Schwartz zu seinem zweiten Einzel gegen den favorisierten Patrick Forkel zum Einsatz. Schwartz setzte mit seinen gef\u00e4hrlichen Aufschl\u00e4gen und mit seiner au\u00dferordentlich harten Vorhand seinen Gegner so unter Druck, dass diesem die Verzweiflung und Ratlosigkeit w\u00e4hrend des ganzen Matches anzusehen war. Der Versbacher schaffte am Ende die \u00dcberraschung und wurde von den mitgereisten Versbacher Fans und der eigenen Mannschaft lautstark gefeiert.<\/p>\n<p>Nun kam es vor einem hitzigen Publikum zum entscheidenden Schlussdoppel zwischen Geist\/Ball und F\u00f6rster\/Grozdanov. Die Versbacher konnten die ersten beiden S\u00e4tze f\u00fcr sich entscheiden, ehe die n\u00e4chsten beiden Durchg\u00e4nge an die Gastgeber gingen. Deshalb musste der alles entscheidende 5. Satz her, welcher von Anfang an hart umk\u00e4mpft war. Es stand schlie\u00dflich 9-9 und die Stimmung war am Siedepunkt, doch Geist\/Ball zeigten Nervenst\u00e4rke und konnten die Partie mit 11-9 f\u00fcr sich entscheiden und somit den wohl verdienten Punkt f\u00fcr den SB Versbach sichern.<\/p>\n<p>Es war das gr\u00f6\u00dfte Comeback der Saison f\u00fcr die Versbacher, was einen tollen Saisonabschluss besiegelte. \u201eMan of the Match\u201c war ganz klar Michel Schwartz, der in seinem ersten Saisoneinsatz eine hervorragende Leistung zeigte und die Nerven in so einem engen Spiel behielt.<\/p>\n<p>Der SB Versbach konnte sich als Aufsteiger den 5. Tabellenplatz sichern, was vor der Saison kaum jemand f\u00fcr m\u00f6glich gehalten h\u00e4tte. Das Team zeigte sich von Anfang bis zum Ende der Saison als geschlossene Mannschaft. Die wohl wichtigsten Erfolgsgaranten waren die enorm starken Doppel der Versbacher. Geist\/Ball spielten eine sehr konstante Saison, erreichten am Ende sogar mit 18-5 die beste Doppelbilanz der ganzen Liga.<\/p>\n<p>Das \u00dcberraschungsdoppel und vielleicht der \u201eSaison-MVP\u201c f\u00fcr das Team aus Versbach war allerdings ganz klar das Doppel R\u00f6sner\/Weinhold, die sogar eine positive Bilanz aufweisen konnten, obwohl sie bei jedem Spiel gegen das Spitzendoppel der Gegner antreten m\u00fcssten. Eine positive Bilanz eines Zweierdoppels sieht man in den Statistiken extrem selten. Aber auch Stock\/Welt bewiesen sich als wahre Bank im Dreierdoppel und k\u00f6nnen eine hervorragende 12-5 Bilanz aufweisen.<\/p>\n<p>Die Doppelst\u00e4rke der Versbacher spricht f\u00fcr den herausragenden Teamgeist der Mannschaft, aber auch in den Einzeln sprang jeder f\u00fcr den anderen ein. Nun geht eine sehr erfolgreiche Saison in der Tischtennis Regionalliga S\u00fcd zu Ende und das Team aus Versbach kann jetzt sogar mit einem Aufstieg in die neu eingef\u00fchrte 3. Bundesliga lieb\u00e4ugeln.<\/p>\n","protected":false},"excerpt":{"rendered":"<p>Im letzten Saisonspiel der Tischtennis Regionalliga S\u00fcd musste der SB Versbach beim Tabellendritten in Wohlbach antreten. Die Gastgeber mussten aufgrund einer Verletzung auf ihre Nummer Zwei verzichten, der seine Spiele kampflos abgab. W\u00e4hrend die&#46;&#46;&#46;<\/p>\n","protected":false},"author":2,"featured_media":0,"comment_status":"closed","ping_status":"closed","sticky":false,"template":"","format":"standard","meta":[],"categories":[],"tags":[],"_links":{"self":[{"href":"https:\/\/prev.tt-versbach.de\/index.php?rest_route=\/wp\/v2\/posts\/2270"}],"collection":[{"href":"https:\/\/prev.tt-versbach.de\/index.php?rest_route=\/wp\/v2\/posts"}],"about":[{"href":"https:\/\/prev.tt-versbach.de\/index.php?rest_route=\/wp\/v2\/types\/post"}],"author":[{"embeddable":true,"href":"https:\/\/prev.tt-versbach.de\/index.php?rest_route=\/wp\/v2\/users\/2"}],"replies":[{"embeddable":true,"href":"https:\/\/prev.tt-versbach.de\/index.php?rest_route=%2Fwp%2Fv2%2Fcomments&post=2270"}],"version-history":[{"count":1,"href":"https:\/\/prev.tt-versbach.de\/index.php?rest_route=\/wp\/v2\/posts\/2270\/revisions"}],"predecessor-version":[{"id":2271,"href":"https:\/\/prev.tt-versbach.de\/index.php?rest_route=\/wp\/v2\/posts\/2270\/revisions\/2271"}],"wp:attachment":[{"href":"https:\/\/prev.tt-versbach.de\/index.php?rest_route=%2Fwp%2Fv2%2Fmedia&parent=2270"}],"wp:term":[{"taxonomy":"category","embeddable":true,"href":"https:\/\/prev.tt-versbach.de\/index.php?rest_route=%2Fwp%2Fv2%2Fcategories&post=2270"},{"taxonomy":"post_tag","embeddable":true,"href":"https:\/\/prev.tt-versbach.de\/index.php?rest_route=%2Fwp%2Fv2%2Ftags&post=2270"}],"curies":[{"name":"wp","href":"https:\/\/api.w.org\/{rel}","templated":true}]}}