{"id":2231,"date":"2014-03-04T13:31:16","date_gmt":"2014-03-04T12:31:16","guid":{"rendered":"http:\/\/www.sb-versbach-tischtennis.de\/?p=2231"},"modified":"2014-03-05T19:30:43","modified_gmt":"2014-03-05T18:30:43","slug":"tischtennis-bundesligag-luft-in-versbach","status":"publish","type":"post","link":"https:\/\/prev.tt-versbach.de\/?p=2231","title":{"rendered":"Samstag 14 Uhr: Tischtennis Bundesliga-Luft in Versbach"},"content":{"rendered":"<div>Nach mehrw\u00f6chiger Pause ist es am Samstag mal wieder so weit:<br \/>\num 14:00 Uhr empfangen wir den souver\u00e4nen Tabellenf\u00fchrer aus M\u00fchlhausen (Th\u00fcringen) in W\u00fcrzburg. Es handelt sich hierbei um die Bundesligareserve der Th\u00fcringer.<\/div>\n<div><\/div>\n<div>\n<div id=\"attachment_2234\" style=\"width: 310px\" class=\"wp-caption alignleft\"><a href=\"http:\/\/www.sb-versbach-tischtennis.de\/2014\/03\/04\/tischtennis-bundesligag-luft-in-versbach\/vozicky\/\" rel=\"attachment wp-att-2234\"><img aria-describedby=\"caption-attachment-2234\" loading=\"lazy\" class=\"size-medium wp-image-2234\" alt=\"Bohumil Vozicky\" src=\"http:\/\/www.sb-versbach-tischtennis.de\/wp-content\/uploads\/2014\/03\/Vozicky-300x300.jpg\" width=\"300\" height=\"300\" srcset=\"https:\/\/prev.tt-versbach.de\/wp-content\/uploads\/2014\/03\/Vozicky.jpg 300w, https:\/\/prev.tt-versbach.de\/wp-content\/uploads\/2014\/03\/Vozicky-150x150.jpg 150w\" sizes=\"(max-width: 300px) 100vw, 300px\" \/><\/a><p id=\"caption-attachment-2234\" class=\"wp-caption-text\">Bohumil Vozicky hat aktuell eine Bilanz von 6:6 in M\u00fchlhausens Bundesliga-Team<\/p><\/div>\n<p>An Nummer 1 spielt, Bohumil Vozick, der bereits in der ersten Liga zum Einsatz kam und dort u. a. Adrian Crisan, Ricardo Walther und Philipp Floritz bezwingen konnte. Er hat in der ersten Liga eine ausgeglichene Bilanz von 6:6.<\/p>\n<\/div>\n<div><\/div>\n<div>Und auch die Nummer 2, David Petr, schlug diese Saison bereits in der 1. Bundesliga auf. An drei spielt mit Thomas Theissmann ein Spieler, der in Versbach bestens bekannt ist. Schlie\u00dflich wohnt und trainiert er mittlerweile in W\u00fcrzburg. Es ist also eine gute M\u00f6glichkeit um hochklassige Spieler in W\u00fcrzburg zu sehen.<\/div>\n<div><\/div>\n<div>Nat\u00fcrlich wird es fast unm\u00f6glich gegen M\u00fchlhausen zu punkten, schlie\u00dflich gewannen sie sogar gegen den zweiten, Bayern M\u00fcnchen, mit 9:0.<\/div>\n<div><\/div>\n<div>In der Vorrunde verloren wir mit 2:9, wobei hier bei etwas mehr Gl\u00fcck sogar der ein oder andere Punkt mehr drin gewesen w\u00e4re. Wer also Lust hat etwas\u00a0\u201cTischtennis-Bundesliga-Luft\u201d zu schnuppern sollte diesen Samstag um 14:00 Uhr in die Pleichachtalturnhalle nach Versbach kommen.<\/div>\n<div><\/div>\n<div>Wir freuen uns auf euer Kommen!!!<\/div>\n","protected":false},"excerpt":{"rendered":"<p>Nach mehrw\u00f6chiger Pause ist es am Samstag mal wieder so weit: um 14:00 Uhr empfangen wir den souver\u00e4nen Tabellenf\u00fchrer aus M\u00fchlhausen (Th\u00fcringen) in W\u00fcrzburg. Es handelt sich hierbei um die Bundesligareserve der Th\u00fcringer. An&#46;&#46;&#46;<\/p>\n","protected":false},"author":2,"featured_media":2234,"comment_status":"closed","ping_status":"closed","sticky":false,"template":"","format":"standard","meta":[],"categories":[],"tags":[],"_links":{"self":[{"href":"https:\/\/prev.tt-versbach.de\/index.php?rest_route=\/wp\/v2\/posts\/2231"}],"collection":[{"href":"https:\/\/prev.tt-versbach.de\/index.php?rest_route=\/wp\/v2\/posts"}],"about":[{"href":"https:\/\/prev.tt-versbach.de\/index.php?rest_route=\/wp\/v2\/types\/post"}],"author":[{"embeddable":true,"href":"https:\/\/prev.tt-versbach.de\/index.php?rest_route=\/wp\/v2\/users\/2"}],"replies":[{"embeddable":true,"href":"https:\/\/prev.tt-versbach.de\/index.php?rest_route=%2Fwp%2Fv2%2Fcomments&post=2231"}],"version-history":[{"count":7,"href":"https:\/\/prev.tt-versbach.de\/index.php?rest_route=\/wp\/v2\/posts\/2231\/revisions"}],"predecessor-version":[{"id":2239,"href":"https:\/\/prev.tt-versbach.de\/index.php?rest_route=\/wp\/v2\/posts\/2231\/revisions\/2239"}],"wp:featuredmedia":[{"embeddable":true,"href":"https:\/\/prev.tt-versbach.de\/index.php?rest_route=\/wp\/v2\/media\/2234"}],"wp:attachment":[{"href":"https:\/\/prev.tt-versbach.de\/index.php?rest_route=%2Fwp%2Fv2%2Fmedia&parent=2231"}],"wp:term":[{"taxonomy":"category","embeddable":true,"href":"https:\/\/prev.tt-versbach.de\/index.php?rest_route=%2Fwp%2Fv2%2Fcategories&post=2231"},{"taxonomy":"post_tag","embeddable":true,"href":"https:\/\/prev.tt-versbach.de\/index.php?rest_route=%2Fwp%2Fv2%2Ftags&post=2231"}],"curies":[{"name":"wp","href":"https:\/\/api.w.org\/{rel}","templated":true}]}}