{"id":2188,"date":"2013-12-22T16:09:00","date_gmt":"2013-12-22T15:09:00","guid":{"rendered":"http:\/\/www.sb-versbach-tischtennis.de\/?p=2188"},"modified":"2013-12-22T16:10:10","modified_gmt":"2013-12-22T15:10:10","slug":"halle-den-winter-ueber-geoeffnet","status":"publish","type":"post","link":"https:\/\/prev.tt-versbach.de\/?p=2188","title":{"rendered":"Halle den Winter \u00fcber ge\u00f6ffnet"},"content":{"rendered":"<p>W\u00e4hrend der Winterferien bleibt die Halle f\u00fcrs Training zug\u00e4nglich. Es kann also an den normalen Trainingstagen &#8211; nat\u00fcrlich au\u00dfer an den Feiertagen &#8211; trainiert werden.<\/p>\n","protected":false},"excerpt":{"rendered":"<p>W\u00e4hrend der Winterferien bleibt die Halle f\u00fcrs Training zug\u00e4nglich. Es kann also an den normalen Trainingstagen &#8211; nat\u00fcrlich au\u00dfer an den Feiertagen &#8211; trainiert werden.<\/p>\n","protected":false},"author":2,"featured_media":0,"comment_status":"closed","ping_status":"closed","sticky":false,"template":"","format":"standard","meta":[],"categories":[],"tags":[],"_links":{"self":[{"href":"https:\/\/prev.tt-versbach.de\/index.php?rest_route=\/wp\/v2\/posts\/2188"}],"collection":[{"href":"https:\/\/prev.tt-versbach.de\/index.php?rest_route=\/wp\/v2\/posts"}],"about":[{"href":"https:\/\/prev.tt-versbach.de\/index.php?rest_route=\/wp\/v2\/types\/post"}],"author":[{"embeddable":true,"href":"https:\/\/prev.tt-versbach.de\/index.php?rest_route=\/wp\/v2\/users\/2"}],"replies":[{"embeddable":true,"href":"https:\/\/prev.tt-versbach.de\/index.php?rest_route=%2Fwp%2Fv2%2Fcomments&post=2188"}],"version-history":[{"count":3,"href":"https:\/\/prev.tt-versbach.de\/index.php?rest_route=\/wp\/v2\/posts\/2188\/revisions"}],"predecessor-version":[{"id":2191,"href":"https:\/\/prev.tt-versbach.de\/index.php?rest_route=\/wp\/v2\/posts\/2188\/revisions\/2191"}],"wp:attachment":[{"href":"https:\/\/prev.tt-versbach.de\/index.php?rest_route=%2Fwp%2Fv2%2Fmedia&parent=2188"}],"wp:term":[{"taxonomy":"category","embeddable":true,"href":"https:\/\/prev.tt-versbach.de\/index.php?rest_route=%2Fwp%2Fv2%2Fcategories&post=2188"},{"taxonomy":"post_tag","embeddable":true,"href":"https:\/\/prev.tt-versbach.de\/index.php?rest_route=%2Fwp%2Fv2%2Ftags&post=2188"}],"curies":[{"name":"wp","href":"https:\/\/api.w.org\/{rel}","templated":true}]}}