{"id":2160,"date":"2013-11-13T14:40:32","date_gmt":"2013-11-13T13:40:32","guid":{"rendered":"http:\/\/www.sb-versbach-tischtennis.de\/?p=2160"},"modified":"2013-11-17T14:44:59","modified_gmt":"2013-11-17T13:44:59","slug":"tischtennis-bezirkseinzelmeisterschaften-der-jugend-und-schueler-sbv-jugend-erfolgreich","status":"publish","type":"post","link":"https:\/\/prev.tt-versbach.de\/?p=2160","title":{"rendered":"Tischtennis Bezirkseinzelmeisterschaften der Jugend und Sch\u00fcler: SBV Jugend erfolgreich"},"content":{"rendered":"<p>Bei den W\u00fcrzburger Tischtennis-Einzelmeisterschaften der Jugend und Sch\u00fcler in Veitsh\u00f6chheim konnte sich die Jugend des SB Versbach erfolgreich pr\u00e4sentieren. Bei der Jugend wurde gleich das ganze Siegerpult eingenommen: Daniel Schlagm\u00fcller gewann, vor Samuel Kilian und Florian Engert. Im Doppel mussten sich Engert\/Schlagm\u00fcller im Finale Gr\u00f6tsch\/Kr\u00e4mer (Ochsenfurt\/Erlenbach) geschlagen geben.<\/p>\n<p>Bei den Sch\u00fclern A konnte Pit Panzer, der vor wenigen Wochen noch die Bezirksmeisterschaft der Herren \u00a0C gewinnen konnte, dritter. Zusammen mit Alexander Kowel, gelang zus\u00e4tzlich noch ein zweiter Platz hinter\u00a0Weger\/Brandburg (Ochsenfurt\/Eschau).<\/p>\n<p>Wir gratulieren allen Versbacher Teilnehmern zu diesem super Ergebnis.<\/p>\n<div id=\"attachment_2161\" style=\"width: 310px\" class=\"wp-caption alignleft\"><a href=\"http:\/\/www.sb-versbach-tischtennis.de\/2013\/11\/17\/tischtennis-bezirkseinzelmeisterschaften-der-jugend-und-schueler-sbv-jugend-erfolgreich\/bezmeister_jugend_2013\/\" rel=\"attachment wp-att-2161\"><img aria-describedby=\"caption-attachment-2161\" loading=\"lazy\" class=\"size-medium wp-image-2161\" alt=\"Jungen Einzel: Daniel Schlagm\u00fcller \u2013 Samuel Kilian \u2013 Pascal Engert \u2013 Daniel Deichert\" src=\"http:\/\/www.sb-versbach-tischtennis.de\/wp-content\/uploads\/2013\/11\/BezMeister_Jugend_2013-300x225.jpg\" width=\"300\" height=\"225\" srcset=\"https:\/\/prev.tt-versbach.de\/wp-content\/uploads\/2013\/11\/BezMeister_Jugend_2013-300x225.jpg 300w, https:\/\/prev.tt-versbach.de\/wp-content\/uploads\/2013\/11\/BezMeister_Jugend_2013-600x450.jpg 600w, https:\/\/prev.tt-versbach.de\/wp-content\/uploads\/2013\/11\/BezMeister_Jugend_2013-150x112.jpg 150w, https:\/\/prev.tt-versbach.de\/wp-content\/uploads\/2013\/11\/BezMeister_Jugend_2013-400x300.jpg 400w, https:\/\/prev.tt-versbach.de\/wp-content\/uploads\/2013\/11\/BezMeister_Jugend_2013.jpg 800w\" sizes=\"(max-width: 300px) 100vw, 300px\" \/><\/a><p id=\"caption-attachment-2161\" class=\"wp-caption-text\">Jungen Einzel: Daniel Schlagm\u00fcller \u2013 Samuel Kilian \u2013 Pascal Engert \u2013 Daniel Deichert<\/p><\/div>\n<div id=\"attachment_2162\" style=\"width: 310px\" class=\"wp-caption alignnone\"><a href=\"http:\/\/www.sb-versbach-tischtennis.de\/2013\/11\/17\/tischtennis-bezirkseinzelmeisterschaften-der-jugend-und-schueler-sbv-jugend-erfolgreich\/bezmeister_schuelera_2013\/\" rel=\"attachment wp-att-2162\"><img aria-describedby=\"caption-attachment-2162\" loading=\"lazy\" class=\"size-medium wp-image-2162 \" alt=\"Pit Panzer und Alex Kowel wurden zweiter im Doppel bei den Bez. Meisterschaften 2013\" src=\"http:\/\/www.sb-versbach-tischtennis.de\/wp-content\/uploads\/2013\/11\/BezMeister_SchuelerA_2013-300x225.jpg\" width=\"300\" height=\"225\" srcset=\"https:\/\/prev.tt-versbach.de\/wp-content\/uploads\/2013\/11\/BezMeister_SchuelerA_2013-300x225.jpg 300w, https:\/\/prev.tt-versbach.de\/wp-content\/uploads\/2013\/11\/BezMeister_SchuelerA_2013-600x450.jpg 600w, https:\/\/prev.tt-versbach.de\/wp-content\/uploads\/2013\/11\/BezMeister_SchuelerA_2013-150x112.jpg 150w, https:\/\/prev.tt-versbach.de\/wp-content\/uploads\/2013\/11\/BezMeister_SchuelerA_2013-400x300.jpg 400w, https:\/\/prev.tt-versbach.de\/wp-content\/uploads\/2013\/11\/BezMeister_SchuelerA_2013.jpg 800w\" sizes=\"(max-width: 300px) 100vw, 300px\" \/><\/a><p id=\"caption-attachment-2162\" class=\"wp-caption-text\">Sch\u00fcler A Doppel: Yannik Weger \u2013 Leon Brandenburg \u2013 Pit Panzer \u2013 Alexander Kowel \u2013 Lukas Schwarz \u2013 Leon Sick \u2013 Tizian Bauer \u2013 Rene Reith<\/p><\/div>\n<h2>Ergebnisse der BEM in Veitsh\u00f6chheim<\/h2>\n<p>Ausrichter: SB Versbach<br \/>\nTurnierleitung: Martin Gerhard, Joachim Paul, H.G. Ziegler<br \/>\nOberschiedsrichter: Dieter Haupt<\/p>\n<p><b>Bezirkseinzelmeisterschaften 2013 Jungen:\u00a0<\/b><\/p>\n<p>Ergebnisse Einzel:<br \/>\n1. Daniel Schlagm\u00fcller (SB Versbach)<br \/>\n2. Samuel Kilian (SB Versbach)<br \/>\n3. Florian Engert (SB Versbach)<br \/>\n3. Daniel Deichert (RV Viktoria Wombach)<\/p>\n<p>Ergebnisse Doppel:<br \/>\n1. Gr\u00f6tsch\/Kr\u00e4mer (Ochsenfurt\/Erlenbach)<br \/>\n2. Engert\/Schlagm\u00fcller (SB Versbach)<\/p>\n<p><b>Bezirkseinzelmeisterschaften 2013 M\u00e4dchen:\u00a0<\/b><\/p>\n<p>Ergebnisse Einzel:<br \/>\n1. Laura N\u00e4tscher (RV Viktoria Wombach)<br \/>\n2. Eva Klotz (TV Hofstetten)<br \/>\n3. Julia Schuler (FC H\u00f6sbach)<br \/>\n3. Anne Br\u00fcckner (FC H\u00f6sbach)<\/p>\n<p>Ergebnisse Doppel:<br \/>\n1. Schuler\/Br\u00fcckner (FC H\u00f6sbach)<br \/>\n2. L.N\u00e4tscher\/T.N\u00e4tscher (RV Viktoria Wombach)<\/p>\n<p><b>Bezirkseinzelmeisterschaften 2013 Sch\u00fcler A:<\/b><\/p>\n<p>Ergebnisse Einzel:<br \/>\n1. Leon Brandenburg (TSV Eintracht Eschau)<br \/>\n2. Lukas Schwarz (TSV Bad K\u00f6nigshofen)<br \/>\n3. Leon Sick (TSV Bad K\u00f6nigshofen)<br \/>\n3. Pit Panzer (SB Versbach)<\/p>\n<p>Ergebnisse Doppel:<br \/>\n1. Weger\/Brandburg (Ochsenfurt\/Eschau)<br \/>\n2. Kowel\/Panzer (SB Versbach)<\/p>\n<p><b>Bezirkseinzelmeisterschaften 2013 Sch\u00fclerinnen A:<\/b><\/p>\n<p>Ergebnisse Einzel:<br \/>\n1. Lisa-Marie Gress (RV Viktoria Wombach)<br \/>\n2. Tabea Wolff (FC H\u00f6sbach)<br \/>\n3. Leticia Wriedt (TV Hofstetten)<br \/>\n3. Tabea Reichert (TV Hofstetten)<\/p>\n<p>Ergebnisse Doppel:<br \/>\n1. Wolff\/Frick (H\u00f6sbach\/W\u00fcrzburg)<br \/>\n2. Wriedt\/Reichert (TV Hofstetten)<\/p>\n<p><b>Bezirkseinzelmeisterschaften 2013 Sch\u00fcler B:<\/b><\/p>\n<p>Ergebnisse Einzel:<br \/>\n1. Bastian Herbert (TV Etwashausen)<br \/>\n2. Luca Dobry (TG W\u00fcrzburg-Heidingsfeld)<br \/>\n3. Jonas Wolbert (TV Weilbach)<br \/>\n3. Henrik Graser (TV\/DJK Hammelburg)<\/p>\n<p>Ergebnisse Doppel:<br \/>\n1. Herbert\/Wolbert (Etwashausen\/Weilbach)<br \/>\n2. Dobry\/Knecht (W\u00fc-Heidingsfeld\/Gro\u00dfostheim)<\/p>\n<p><b>Bezirkseinzelmeisterschaften 2013 Sch\u00fclerinnen B:\u00a0<\/b><\/p>\n<p>Ergebnisse Einzel:<br \/>\n1. Lea Fath (TV Hofstetten)<br \/>\n2. Benita Wolf (TV Hofstetten)<br \/>\n3. Lara Hein (TSV Arnshausen)<br \/>\n3. Elena Edelh\u00e4user (TSV Urspringen)<\/p>\n<p>Ergebnisse Doppel:<br \/>\n1. Fath\/Wolz (TV Hofstetten)<br \/>\n2. C.Hein\/Edelh\u00e4user (Hofstetten\/Urspringen)<\/p>\n","protected":false},"excerpt":{"rendered":"<p>Bei den W\u00fcrzburger Tischtennis-Einzelmeisterschaften der Jugend und Sch\u00fcler in Veitsh\u00f6chheim konnte sich die Jugend des SB Versbach erfolgreich pr\u00e4sentieren. Bei der Jugend wurde gleich das ganze Siegerpult eingenommen: Daniel Schlagm\u00fcller gewann, vor Samuel Kilian&#46;&#46;&#46;<\/p>\n","protected":false},"author":2,"featured_media":2161,"comment_status":"closed","ping_status":"closed","sticky":false,"template":"","format":"standard","meta":[],"categories":[],"tags":[],"_links":{"self":[{"href":"https:\/\/prev.tt-versbach.de\/index.php?rest_route=\/wp\/v2\/posts\/2160"}],"collection":[{"href":"https:\/\/prev.tt-versbach.de\/index.php?rest_route=\/wp\/v2\/posts"}],"about":[{"href":"https:\/\/prev.tt-versbach.de\/index.php?rest_route=\/wp\/v2\/types\/post"}],"author":[{"embeddable":true,"href":"https:\/\/prev.tt-versbach.de\/index.php?rest_route=\/wp\/v2\/users\/2"}],"replies":[{"embeddable":true,"href":"https:\/\/prev.tt-versbach.de\/index.php?rest_route=%2Fwp%2Fv2%2Fcomments&post=2160"}],"version-history":[{"count":6,"href":"https:\/\/prev.tt-versbach.de\/index.php?rest_route=\/wp\/v2\/posts\/2160\/revisions"}],"predecessor-version":[{"id":2168,"href":"https:\/\/prev.tt-versbach.de\/index.php?rest_route=\/wp\/v2\/posts\/2160\/revisions\/2168"}],"wp:featuredmedia":[{"embeddable":true,"href":"https:\/\/prev.tt-versbach.de\/index.php?rest_route=\/wp\/v2\/media\/2161"}],"wp:attachment":[{"href":"https:\/\/prev.tt-versbach.de\/index.php?rest_route=%2Fwp%2Fv2%2Fmedia&parent=2160"}],"wp:term":[{"taxonomy":"category","embeddable":true,"href":"https:\/\/prev.tt-versbach.de\/index.php?rest_route=%2Fwp%2Fv2%2Fcategories&post=2160"},{"taxonomy":"post_tag","embeddable":true,"href":"https:\/\/prev.tt-versbach.de\/index.php?rest_route=%2Fwp%2Fv2%2Ftags&post=2160"}],"curies":[{"name":"wp","href":"https:\/\/api.w.org\/{rel}","templated":true}]}}