{"id":2154,"date":"2013-11-10T22:34:34","date_gmt":"2013-11-10T21:34:34","guid":{"rendered":"http:\/\/www.sb-versbach-tischtennis.de\/?p=2154"},"modified":"2013-11-10T22:34:42","modified_gmt":"2013-11-10T21:34:42","slug":"sb-versbach-ttc-wohlbach-39","status":"publish","type":"post","link":"https:\/\/prev.tt-versbach.de\/?p=2154","title":{"rendered":"SB Versbach &#8211; TTC Wohlbach 3:9"},"content":{"rendered":"<div>Es war ein enges Spiel zu erwarten. Und so kamen auch 140 Zuschauer in die Pleichachtalhalle zur Unterst\u00fctzung.<\/div>\n<div><\/div>\n<div>Leider hatten wir \u00a0vor dem Spiel keine gute Nachrichten. Gerade den zur Zeit gl\u00e4nzend aufgelegten Andi Ball hatte die Grippe erwischt. Er trainierte noch am Freitag, doch am Samstag fr\u00fch musste er mit Fieber, Kopf- und Gliederschmerzen leider passen. F\u00fcr ihn r\u00fcckte Nico Derra ins Team.<\/div>\n<div><\/div>\n<div>\n<div id=\"attachment_2156\" style=\"width: 310px\" class=\"wp-caption alignleft\"><a href=\"http:\/\/www.sb-versbach-tischtennis.de\/2013\/11\/10\/sb-versbach-ttc-wohlbach-39\/nico\/\" rel=\"attachment wp-att-2156\"><img aria-describedby=\"caption-attachment-2156\" loading=\"lazy\" class=\"size-medium wp-image-2156\" alt=\"Durfte am Samstag sein erstes Spiel in der Regionalliga bestreiten: Nicholas Derra\" src=\"http:\/\/www.sb-versbach-tischtennis.de\/wp-content\/uploads\/2013\/11\/Nico-300x225.jpg\" width=\"300\" height=\"225\" srcset=\"https:\/\/prev.tt-versbach.de\/wp-content\/uploads\/2013\/11\/Nico-300x225.jpg 300w, https:\/\/prev.tt-versbach.de\/wp-content\/uploads\/2013\/11\/Nico-1024x768.jpg 1024w, https:\/\/prev.tt-versbach.de\/wp-content\/uploads\/2013\/11\/Nico-600x450.jpg 600w, https:\/\/prev.tt-versbach.de\/wp-content\/uploads\/2013\/11\/Nico-150x112.jpg 150w, https:\/\/prev.tt-versbach.de\/wp-content\/uploads\/2013\/11\/Nico-400x300.jpg 400w, https:\/\/prev.tt-versbach.de\/wp-content\/uploads\/2013\/11\/Nico-900x675.jpg 900w\" sizes=\"(max-width: 300px) 100vw, 300px\" \/><\/a><p id=\"caption-attachment-2156\" class=\"wp-caption-text\">Durfte am Samstag sein erstes Spiel in der Regionalliga bestreiten: Nicholas Derra<\/p><\/div>\n<p>Und leider begann das Spiel auch denkbar schlecht. Gerade die St\u00e4rke der letzten Spiele kam diesmal nicht zum tragen. Alle drei Doppel gingen an die Oberfranken. Dabei hatten Stocki und Olli bei 2:1 Satzf\u00fchrung und 10:8 zwei Matchb\u00e4lle und h\u00e4tten den Fehlstart verhindern k\u00f6nnen. Doch es passte irgendwie zum Samstag, dass auch diese Spiel verloren ging.<\/p>\n<\/div>\n<div><\/div>\n<div>Aber trotz der widrigen Umst\u00e4nden sahen die Zuschauer dass wir uns zur keiner Zeit haben h\u00e4ngen lie\u00dfen. Im Gegenteil, das vordere Paarkreuz schlug sofort zur\u00fcck. Dabei war das Spiel von Benni gegen F\u00f6rster schon kurios. In den ersten zwei S\u00e4tzen hatte Benni nicht wirklich eine Chance. Im dritten stand es dann pl\u00f6tzlich 10:0, aber nicht f\u00fcr den Wohlbacher. Benni drehte auf und gewann schlie\u00dflich noch mit 3:2.<\/div>\n<div><\/div>\n<div>Und dann kam der Auftritt von Daniel. Eigentlich im mittleren Paarkreuz eine Bank musste er heute gegen die Spitzenspieler ran. Und Daniel zeigte seine Klasse!! Er gewann gegen den Spitzenspieler sensationell! Aber dann wurde die Problematik sp\u00fcrbar wenn gerade im vorderen Paarkreuz ein Spieler ausf\u00e4llt. Es r\u00fccken alle eine Position nach oben. Und das war gegen eine Spitzenmannschaft wie Wohlbach nicht zu kompensieren. Alle vier folgenden Spiele gingen verloren. In allen Spielen waren wir nicht g\u00e4nzlich chancenlos, aber im Endeffekt stand es 7:2 f\u00fcr Wohlbach.<\/div>\n<div><\/div>\n<div>Anschlie\u00dfend k\u00e4mpfte Benni im Spitzenspiel bis zum Schluss. Es gab zahlreiche super Ballwechsel., aber am Ende ging auch dieses Spiel mit 3:2 an die Oberfranken. Und dann kam wieder Daniel und machte kurzen Proze\u00df. Er gewann auch sein zweites Spiel im vorderen Paarkreuz wie selbstverst\u00e4ndlich und verk\u00fcrzte nochmal auf 3:8.<\/div>\n<div><\/div>\n<div>Den Siegpunkt f\u00fcr Wohlbach holte Christ. Die Nummer drei der Oberfranken wird aller Voraussicht in der R\u00fcckrunde ins vordere Paarkreuz rutschen. Er gewann klar gegen Stocki. Trotz der deutlichen Niederlage haben wir eine\u00a0gute Leistung gezeigt. Herausragend war nat\u00fcrlich Daniel mit zwei Punkten im vorderen Paarkreuz.<\/div>\n<div><\/div>\n<div>Jetzt gilt es in vier Wochen beim letzten Vorrundenspiel zu Hause gegen Effeltrich auf die sehr gute Vorrunde das i-t\u00fcpfelchen zu setzten. Dann hoffentlich wieder mit Andi&#8230;<\/div>\n","protected":false},"excerpt":{"rendered":"<p>Es war ein enges Spiel zu erwarten. Und so kamen auch 140 Zuschauer in die Pleichachtalhalle zur Unterst\u00fctzung. Leider hatten wir \u00a0vor dem Spiel keine gute Nachrichten. Gerade den zur Zeit gl\u00e4nzend aufgelegten Andi&#46;&#46;&#46;<\/p>\n","protected":false},"author":2,"featured_media":2156,"comment_status":"closed","ping_status":"closed","sticky":false,"template":"","format":"standard","meta":[],"categories":[],"tags":[],"_links":{"self":[{"href":"https:\/\/prev.tt-versbach.de\/index.php?rest_route=\/wp\/v2\/posts\/2154"}],"collection":[{"href":"https:\/\/prev.tt-versbach.de\/index.php?rest_route=\/wp\/v2\/posts"}],"about":[{"href":"https:\/\/prev.tt-versbach.de\/index.php?rest_route=\/wp\/v2\/types\/post"}],"author":[{"embeddable":true,"href":"https:\/\/prev.tt-versbach.de\/index.php?rest_route=\/wp\/v2\/users\/2"}],"replies":[{"embeddable":true,"href":"https:\/\/prev.tt-versbach.de\/index.php?rest_route=%2Fwp%2Fv2%2Fcomments&post=2154"}],"version-history":[{"count":4,"href":"https:\/\/prev.tt-versbach.de\/index.php?rest_route=\/wp\/v2\/posts\/2154\/revisions"}],"predecessor-version":[{"id":2159,"href":"https:\/\/prev.tt-versbach.de\/index.php?rest_route=\/wp\/v2\/posts\/2154\/revisions\/2159"}],"wp:featuredmedia":[{"embeddable":true,"href":"https:\/\/prev.tt-versbach.de\/index.php?rest_route=\/wp\/v2\/media\/2156"}],"wp:attachment":[{"href":"https:\/\/prev.tt-versbach.de\/index.php?rest_route=%2Fwp%2Fv2%2Fmedia&parent=2154"}],"wp:term":[{"taxonomy":"category","embeddable":true,"href":"https:\/\/prev.tt-versbach.de\/index.php?rest_route=%2Fwp%2Fv2%2Fcategories&post=2154"},{"taxonomy":"post_tag","embeddable":true,"href":"https:\/\/prev.tt-versbach.de\/index.php?rest_route=%2Fwp%2Fv2%2Ftags&post=2154"}],"curies":[{"name":"wp","href":"https:\/\/api.w.org\/{rel}","templated":true}]}}