{"id":2096,"date":"2013-09-30T06:42:54","date_gmt":"2013-09-30T05:42:54","guid":{"rendered":"http:\/\/www.sb-versbach-tischtennis.de\/?p=2096"},"modified":"2013-09-30T06:46:15","modified_gmt":"2013-09-30T05:46:15","slug":"erster-sieg-in-der-tischtennis-regionalliga-93-gegen-holzhausen","status":"publish","type":"post","link":"https:\/\/prev.tt-versbach.de\/?p=2096","title":{"rendered":"Erster Sieg in der Tischtennis-Regionalliga: <br>9:3 gegen Holzhausen"},"content":{"rendered":"<p dir=\"ltr\"><a href=\"http:\/\/www.sb-versbach-tischtennis.de\/2013\/09\/30\/erster-sieg-in-der-tischtennis-regionalliga-93-gegen-holzhausen\/attachment\/93\/\" rel=\"attachment wp-att-2097\"><img loading=\"lazy\" class=\"alignleft size-thumbnail wp-image-2097\" alt=\"93\" src=\"http:\/\/www.sb-versbach-tischtennis.de\/wp-content\/uploads\/2013\/09\/93-150x150.jpg\" width=\"150\" height=\"150\" srcset=\"https:\/\/prev.tt-versbach.de\/wp-content\/uploads\/2013\/09\/93-150x150.jpg 150w, https:\/\/prev.tt-versbach.de\/wp-content\/uploads\/2013\/09\/93-300x300.jpg 300w, https:\/\/prev.tt-versbach.de\/wp-content\/uploads\/2013\/09\/93.jpg 400w\" sizes=\"(max-width: 150px) 100vw, 150px\" \/><\/a>Der erste Regionalliga-Sieg ist eingefahren! Nach einer Niederlage und einem Unentschieden folgte diese Woche folgerichtig ein Sieg. Und dieser fiel mit 9 : 3 deutlich aus.<\/p>\n<p dir=\"ltr\">Wir erwischten einen Traumstart und gewannen alle drei Doppel. War der Punkt von Andi und Daniel noch fest eingeplant so war der Sieg von Benni und Weini gegen das gegnerische Spitzendoppel das erste Break und ein Fingerzeig Richtung Sieg.<br \/>\nAls Stocki und Olli das Dreierdoppel ebenfalls souver\u00e4n gewannen war die 3 : 0 F\u00fchrung perfekt!<\/p>\n<p dir=\"ltr\">Benni fand in seinem ersten Einzel nie richtig ins Spiel und verlor etwas \u00fcberraschend gegen Hoffmann.\u00a0 Umso wichtiger war es das Andi gegen die Nummer 1, Hendrik Fu\u00df,\u00a0 einen 1:2 Satzr\u00fcckstand noch in einen Sieg umwandelte und so Holzhausen auf Distanz gehalten wurde.<\/p>\n<p dir=\"ltr\">Im mittleren Paarkreuz gab&#8217;s eigentlich nix neues.\u00a0 Daniel machte kurzen Prozess und Stocki verlor wie letzte Woche in F\u00fcnf. Hinten gewann Weini deutlich w\u00e4hrend Olli leider wieder 2 S\u00e4tze denkbar knapp mit 9 : 11 verlor. Nach dem ersten Durchgang f\u00fchrten wir somit mit 6:3.<\/p>\n<p dir=\"ltr\">Anschlie\u00dfend zeigten unsere drei Spitzenspieler ihre Klasse und gewannen jeweils deutlich. Benni steigerte sich und gewann mit 3 : 1. Andi und Daniel deklassierten ihre Gegner regelrecht und machten den ersten Regionalliga &#8211; Sieg in der Vereinsgeschichte des SB Versbach perfekt.<\/p>\n<p dir=\"ltr\">Der Sieg war extrem wichtig, da jetzt erstmal vier Ausw\u00e4rtsspiele am St\u00fcck folgen bevor in knapp zwei Monaten wieder in Versbach aufgeschlagen wird. Vormerken:<\/p>\n<p dir=\"ltr\"><strong>9.11.2013 SB Versbach &#8211; TTC Wohlbach,\u00a0 14.00 Uhr in der Pleichachtalhalle, W\u00fcrzburg\/Versbach<br \/>\n<\/strong><\/p>\n<p dir=\"ltr\">Viele Gr\u00fc\u00dfe!<\/p>\n<p dir=\"ltr\">SB Versbach<\/p>\n","protected":false},"excerpt":{"rendered":"<p>Der erste Regionalliga-Sieg ist eingefahren! Nach einer Niederlage und einem Unentschieden folgte diese Woche folgerichtig ein Sieg. Und dieser fiel mit 9 : 3 deutlich aus. Wir erwischten einen Traumstart und gewannen alle drei&#46;&#46;&#46;<\/p>\n","protected":false},"author":2,"featured_media":2097,"comment_status":"closed","ping_status":"closed","sticky":false,"template":"","format":"standard","meta":[],"categories":[],"tags":[],"_links":{"self":[{"href":"https:\/\/prev.tt-versbach.de\/index.php?rest_route=\/wp\/v2\/posts\/2096"}],"collection":[{"href":"https:\/\/prev.tt-versbach.de\/index.php?rest_route=\/wp\/v2\/posts"}],"about":[{"href":"https:\/\/prev.tt-versbach.de\/index.php?rest_route=\/wp\/v2\/types\/post"}],"author":[{"embeddable":true,"href":"https:\/\/prev.tt-versbach.de\/index.php?rest_route=\/wp\/v2\/users\/2"}],"replies":[{"embeddable":true,"href":"https:\/\/prev.tt-versbach.de\/index.php?rest_route=%2Fwp%2Fv2%2Fcomments&post=2096"}],"version-history":[{"count":5,"href":"https:\/\/prev.tt-versbach.de\/index.php?rest_route=\/wp\/v2\/posts\/2096\/revisions"}],"predecessor-version":[{"id":2101,"href":"https:\/\/prev.tt-versbach.de\/index.php?rest_route=\/wp\/v2\/posts\/2096\/revisions\/2101"}],"wp:featuredmedia":[{"embeddable":true,"href":"https:\/\/prev.tt-versbach.de\/index.php?rest_route=\/wp\/v2\/media\/2097"}],"wp:attachment":[{"href":"https:\/\/prev.tt-versbach.de\/index.php?rest_route=%2Fwp%2Fv2%2Fmedia&parent=2096"}],"wp:term":[{"taxonomy":"category","embeddable":true,"href":"https:\/\/prev.tt-versbach.de\/index.php?rest_route=%2Fwp%2Fv2%2Fcategories&post=2096"},{"taxonomy":"post_tag","embeddable":true,"href":"https:\/\/prev.tt-versbach.de\/index.php?rest_route=%2Fwp%2Fv2%2Ftags&post=2096"}],"curies":[{"name":"wp","href":"https:\/\/api.w.org\/{rel}","templated":true}]}}