{"id":2086,"date":"2013-09-23T07:25:25","date_gmt":"2013-09-23T06:25:25","guid":{"rendered":"http:\/\/www.sb-versbach-tischtennis.de\/?p=2086"},"modified":"2013-09-23T07:56:57","modified_gmt":"2013-09-23T06:56:57","slug":"erster-regionalliga-punkt-ist-eingefahren-88-gegen-landsberg","status":"publish","type":"post","link":"https:\/\/prev.tt-versbach.de\/?p=2086","title":{"rendered":"Erster Regionalliga-Punkt ist eingefahren: 8:8 gegen Landsberg"},"content":{"rendered":"<p dir=\"ltr\">Am Sonntag ging es gleich weiter. Im Spiel gegen die Internationalen aus Landsberg. Vertreten waren zwei S\u00fcdamerikaner, ein Russe, ein Ire, ein &#8230;.. und ein Deutscher. Die G\u00e4ste hatten am Vorabend gegen stark einzusch\u00e4tzende Wohlbacher 8:8 gespielt.<\/p>\n<p dir=\"ltr\">Diesmal lagen wir nach den Doppeln 1:2 hinten. Lediglich unser Spitzendoppel Ball\/Geist gewannen. Stock\/Welt verloren im F\u00fcnften denkbar knapp mit 10:12.<\/p>\n<p dir=\"ltr\">Anschlie\u00dfend verlor Benni mit 0:3. Andi dagegen gewann nach starker Vorstellung mit 3:1. Im mittleren Paarkreuz tat sich Daniel\u00a0 \u00fcberraschend schwer gegen die Nummer 4 Jirasek. Er lag bereits mit 0:2 zur\u00fcck bevor zu gewohnter St\u00e4rke zur\u00fcck fand und die S\u00e4tze drei und vier deutlich f\u00fcr sich entschied. Im Entscheidungssatz war es zun\u00e4chst ein hin und her bevor sich der bessere Spieler, also Daniel,\u00a0 mit 11:8 durchsetzte.<\/p>\n<div id=\"attachment_1607\" style=\"width: 160px\" class=\"wp-caption alignleft\"><a href=\"http:\/\/www.sb-versbach-tischtennis.de\/2013\/03\/03\/sportbund-ist-zu-hause-nicht-zu-schlagen-91-gegen-tegernheim\/weinhold_2013_03\/\" rel=\"attachment wp-att-1607\"><img aria-describedby=\"caption-attachment-1607\" loading=\"lazy\" class=\"size-thumbnail wp-image-1607\" alt=\"War am Sonntag nicht zu schlagen: Christoph Weinhold\" src=\"http:\/\/www.sb-versbach-tischtennis.de\/wp-content\/uploads\/2013\/03\/weinhold_2013_03-150x150.jpg\" width=\"150\" height=\"150\" \/><\/a><p id=\"caption-attachment-1607\" class=\"wp-caption-text\">War am Sonntag nicht zu schlagen: Christoph Weinhold<\/p><\/div>\n<p dir=\"ltr\">Als dann Stocki sein erstes Einzel gewann f\u00fchrte wir erstmals mit 4:3. Im hinteren Paarkreuz lie\u00df Weini seinem irischen Gegner Maguire keine Chance und siegte mit 3:0. Olli hielt wiederum gut mit, verlor dennoch zwei S\u00e4tze denkbar knapp sodass wir nach dem ersten Durchgang mit 5:4 f\u00fchrten.<\/p>\n<p dir=\"ltr\">Benni baute diese durch seinen ersten Einzelerfolg der Saison aus. Andi musste dagegen seine erste Saisonniederlage gegen Marko Petkov hinnehmen. Knackpunkt war hier der dritte Satz als er mehrere Satzb\u00e4lle nicht nutzen konnte und mit 1:2 in R\u00fcckstand geriet.<\/p>\n<p dir=\"ltr\">Daniel lie\u00df in seinem zweiten Einzel nichts anbrennen und gewann mit 3:0.Einen m\u00f6glichen 9:5 Erfolg verspielte Stocki. Erst musste er nach 2:0 Satzf\u00fchrung den Ausgleich hinnehmen um schlie\u00dflich im F\u00fcnften eine 7:2 F\u00fchrung nicht nach hause zu bringen. Diese Niederlage ist extrem bitter, weil Weini am Sonntag nicht zu bezwingen war. Er lag zwischenzeitlich mit 1:2 S\u00e4tzen zur\u00fcck. Aber dass er Spiele drehen kann wissen wir ja sp\u00e4testens seid Samstag als er sogar ein 0:2 noch in einen Sieg drehte! !!<\/p>\n<p dir=\"ltr\">So stand es leider statt 9:5 &#8222;nur&#8220; 8:6 und es ging in die Verl\u00e4ngerung. Bei Olli wird demn\u00e4chst der Knoten platzen!! Und dann gewinnt er die knappen S\u00e4tze.\u00a0 Er verlor den ersten und dritten Satz jeweils in der Verl\u00e4ngerung und schlie\u00dflich das Spiel mit 1:3.<\/p>\n<p dir=\"ltr\">Als im Schlussdoppel Andi und Daniel nach \u00fcber vier Stunden Gesamtspielzeit mit 1:3 verloren hatten war das Unentschieden perfekt und sogar das Satzverh\u00e4ltnis war mit 33:33 ausgeglichen.<\/p>\n<p dir=\"ltr\">Auch wenn man evtl. etwas n\u00e4her am Sieg war als Landsberg, so war das Unentschieden letztendlich gerecht. <strong>Und wir haben den ersten Punktgewinn in der Regionalliga geschafft!<\/strong><\/p>\n<p dir=\"ltr\">Dass das Niveau in der Regionalliga deutlich h\u00f6her ist hat auch f\u00fcr die Zuschauer positives!<br \/>\nSomit steigt auch die Qualit\u00e4t der Spiele und es ist noch interessanter mal vorbei zu schauen!<\/p>\n<p dir=\"ltr\">N\u00e4chste Gelegenheit ist der <strong>28.09.<\/strong>, also bereits <strong>n\u00e4chster Samstag gegen den TTC Holzhausen<\/strong>. <strong>Beginn ist wieder 14.00 Uhr.<\/strong>\u00a0 Danach m\u00fcssen wir erstmals ausw\u00e4rts ran und spielen erst wieder im November zu hause!<\/p>\n","protected":false},"excerpt":{"rendered":"<p>Am Sonntag ging es gleich weiter. Im Spiel gegen die Internationalen aus Landsberg. Vertreten waren zwei S\u00fcdamerikaner, ein Russe, ein Ire, ein &#8230;.. und ein Deutscher. Die G\u00e4ste hatten am Vorabend gegen stark einzusch\u00e4tzende&#46;&#46;&#46;<\/p>\n","protected":false},"author":2,"featured_media":1607,"comment_status":"closed","ping_status":"closed","sticky":false,"template":"","format":"standard","meta":[],"categories":[],"tags":[],"_links":{"self":[{"href":"https:\/\/prev.tt-versbach.de\/index.php?rest_route=\/wp\/v2\/posts\/2086"}],"collection":[{"href":"https:\/\/prev.tt-versbach.de\/index.php?rest_route=\/wp\/v2\/posts"}],"about":[{"href":"https:\/\/prev.tt-versbach.de\/index.php?rest_route=\/wp\/v2\/types\/post"}],"author":[{"embeddable":true,"href":"https:\/\/prev.tt-versbach.de\/index.php?rest_route=\/wp\/v2\/users\/2"}],"replies":[{"embeddable":true,"href":"https:\/\/prev.tt-versbach.de\/index.php?rest_route=%2Fwp%2Fv2%2Fcomments&post=2086"}],"version-history":[{"count":2,"href":"https:\/\/prev.tt-versbach.de\/index.php?rest_route=\/wp\/v2\/posts\/2086\/revisions"}],"predecessor-version":[{"id":2089,"href":"https:\/\/prev.tt-versbach.de\/index.php?rest_route=\/wp\/v2\/posts\/2086\/revisions\/2089"}],"wp:featuredmedia":[{"embeddable":true,"href":"https:\/\/prev.tt-versbach.de\/index.php?rest_route=\/wp\/v2\/media\/1607"}],"wp:attachment":[{"href":"https:\/\/prev.tt-versbach.de\/index.php?rest_route=%2Fwp%2Fv2%2Fmedia&parent=2086"}],"wp:term":[{"taxonomy":"category","embeddable":true,"href":"https:\/\/prev.tt-versbach.de\/index.php?rest_route=%2Fwp%2Fv2%2Fcategories&post=2086"},{"taxonomy":"post_tag","embeddable":true,"href":"https:\/\/prev.tt-versbach.de\/index.php?rest_route=%2Fwp%2Fv2%2Ftags&post=2086"}],"curies":[{"name":"wp","href":"https:\/\/api.w.org\/{rel}","templated":true}]}}