{"id":2067,"date":"2013-09-17T15:07:04","date_gmt":"2013-09-17T14:07:04","guid":{"rendered":"http:\/\/www.sb-versbach-tischtennis.de\/?p=2067"},"modified":"2013-09-19T10:25:46","modified_gmt":"2013-09-19T09:25:46","slug":"regionalliga-saisonstart-gegen-den-fc-bayern-muenchen","status":"publish","type":"post","link":"https:\/\/prev.tt-versbach.de\/?p=2067","title":{"rendered":"Regionalliga: Saisonstart gegen den FC Bayern M\u00fcnchen"},"content":{"rendered":"<div>\n<p><strong>Hallo TT-Fans,<\/strong><\/p>\n<p>F\u00fcr einige hat die Saison ja bereits begonnen. F\u00fcr uns beginnt das &#8222;Abenteuer \u00a0Regionalliga&#8220; diesen Samstag, \u00a021.09., um 14:00 Uhr gegen niemand geringeren als den Triple-Sieger ;)den FC BAYERN M\u00dcNCHEN!<\/p>\n<p><strong>Kurz ein paar Infos:<\/strong><\/p>\n<p>Wir gehen unver\u00e4ndert in die neue Saison, also mit Benni R\u00f6sner und Andi Ball im vorderen Paarkreuz, \u00a0Daniel Geist und Michael Stock im mittleren Paarkreuz und Christoph Weinhold zusammen mit Olli Welt hinten.<\/p>\n<p>Wir sind hei\u00df auf die neue Herausforderung und hoffen auch diese Saison mit Hilfe eurer Unterst\u00fctzung unser Ziel zu erreichen.<\/p>\n<\/div>\n<div>\n<div id=\"attachment_1608\" style=\"width: 160px\" class=\"wp-caption alignleft\"><a href=\"http:\/\/www.sb-versbach-tischtennis.de\/2013\/03\/03\/sportbund-ist-zu-hause-nicht-zu-schlagen-91-gegen-tegernheim\/stock_2013_03\/\" rel=\"attachment wp-att-1608\"><img aria-describedby=\"caption-attachment-1608\" loading=\"lazy\" class=\"size-thumbnail wp-image-1608\" alt=\"Mannschaftsf\u00fchrer Michael Stock\" src=\"http:\/\/www.sb-versbach-tischtennis.de\/wp-content\/uploads\/2013\/03\/stock_2013_03-150x150.jpg\" width=\"150\" height=\"150\" \/><\/a><p id=\"caption-attachment-1608\" class=\"wp-caption-text\">Mannschaftsf\u00fchrer Michael Stock<\/p><\/div>\n<p>Geht man nach den QTTR-Werten kann das Ziel erst mal nur der Klassenerhalt sein. Aber warten wir den Verlauf der Saison ab.<\/p>\n<p><strong>Interresant f\u00fcr euch und nat\u00fcrlich auch f\u00fcr uns:<\/strong>Nach sieben Jahren Oberliga kommen endlich neue Mannschaften und Gegner! Der FC Bayern macht den Anfang. Bayern geht gegen uns leicht favorisiert in das Spiel, aber chancenlos sind wir sicher nicht. Also, wer nicht selber ran muss ist herzlich eingeladen uns bei dem ersten Regionalliga-Auftritt zu unterst\u00fctzen.Und falls ihr am Samstag verhindert seid bzw. f\u00fcr alle die nicht genug kriegen \ud83d\ude09 , haben wir am <strong>Sonntag, 22.09.<\/strong>, gleich unser <strong>zweites Heimspiel gegen Landsberg<\/strong> (Sachsen-Anhalt). Das Spiel beginnt um <strong>13:00 Uhr<\/strong>.<\/p>\n<p><strong>Wir hoffen man sieht sich!!!!<\/strong><\/p>\n<p>Viele Gr\u00fc\u00dfe<\/p>\n<\/div>\n<div>euer Stocki<\/div>\n","protected":false},"excerpt":{"rendered":"<p>Hallo TT-Fans, F\u00fcr einige hat die Saison ja bereits begonnen. F\u00fcr uns beginnt das &#8222;Abenteuer \u00a0Regionalliga&#8220; diesen Samstag, \u00a021.09., um 14:00 Uhr gegen niemand geringeren als den Triple-Sieger ;)den FC BAYERN M\u00dcNCHEN! Kurz ein&#46;&#46;&#46;<\/p>\n","protected":false},"author":2,"featured_media":1938,"comment_status":"closed","ping_status":"closed","sticky":false,"template":"","format":"standard","meta":[],"categories":[],"tags":[],"_links":{"self":[{"href":"https:\/\/prev.tt-versbach.de\/index.php?rest_route=\/wp\/v2\/posts\/2067"}],"collection":[{"href":"https:\/\/prev.tt-versbach.de\/index.php?rest_route=\/wp\/v2\/posts"}],"about":[{"href":"https:\/\/prev.tt-versbach.de\/index.php?rest_route=\/wp\/v2\/types\/post"}],"author":[{"embeddable":true,"href":"https:\/\/prev.tt-versbach.de\/index.php?rest_route=\/wp\/v2\/users\/2"}],"replies":[{"embeddable":true,"href":"https:\/\/prev.tt-versbach.de\/index.php?rest_route=%2Fwp%2Fv2%2Fcomments&post=2067"}],"version-history":[{"count":12,"href":"https:\/\/prev.tt-versbach.de\/index.php?rest_route=\/wp\/v2\/posts\/2067\/revisions"}],"predecessor-version":[{"id":2081,"href":"https:\/\/prev.tt-versbach.de\/index.php?rest_route=\/wp\/v2\/posts\/2067\/revisions\/2081"}],"wp:featuredmedia":[{"embeddable":true,"href":"https:\/\/prev.tt-versbach.de\/index.php?rest_route=\/wp\/v2\/media\/1938"}],"wp:attachment":[{"href":"https:\/\/prev.tt-versbach.de\/index.php?rest_route=%2Fwp%2Fv2%2Fmedia&parent=2067"}],"wp:term":[{"taxonomy":"category","embeddable":true,"href":"https:\/\/prev.tt-versbach.de\/index.php?rest_route=%2Fwp%2Fv2%2Fcategories&post=2067"},{"taxonomy":"post_tag","embeddable":true,"href":"https:\/\/prev.tt-versbach.de\/index.php?rest_route=%2Fwp%2Fv2%2Ftags&post=2067"}],"curies":[{"name":"wp","href":"https:\/\/api.w.org\/{rel}","templated":true}]}}