{"id":2063,"date":"2013-09-16T09:34:29","date_gmt":"2013-09-16T08:34:29","guid":{"rendered":"http:\/\/www.sb-versbach-tischtennis.de\/?p=2063"},"modified":"2013-09-16T09:34:59","modified_gmt":"2013-09-16T08:34:59","slug":"saison-ist-gestartet-jugend-erfolgreich","status":"publish","type":"post","link":"https:\/\/prev.tt-versbach.de\/?p=2063","title":{"rendered":"Tischtennis-Saison 2013\/14 gestartet: Jugend erfolgreich"},"content":{"rendered":"<p>Dieses Wochenende hat die Tischtennis-Saison 2013\/14 f\u00fcr den Sportbund mit 4 Spielen angefangen. Erfolgreich gestartet ist die erste Jugend. Mit Ersatzspieler Pit Panzer f\u00fcr Samuel Kilian konnte man Hilpoltstein 2 in W\u00fcrzburg mit 8:3 besiegen. Ein guter Start, aber auf dem Weg zur Meisterschaft werden noch deutlich schwerere Brocken kommen.<\/p>\n<p>Am Vortag, am Samstag, musste Pit auch schon mit der siebten Mannschaft, in der 2. Kreisliga gegen Helmstadt an den Tisch. Das 8:8 Unentschieden kann glaube ich als ok gewertet werden &#8211; Helmstadt war in der letzten Saison immerhin dritter geworden.<\/p>\n<p>Auch zwei Damenmannschaften sind in die Saison gestartet. Unsere erste Damenmannschaft hat gegen den SV Neusorg 7:7 gespielt, die zweite Mannschaft musste sich dem TTC Schimborn 4:8 geschlagen geben.<\/p>\n<div id=\"attachment_2055\" style=\"width: 160px\" class=\"wp-caption alignleft\"><a href=\"http:\/\/www.sb-versbach-tischtennis.de\/2013\/09\/16\/saison-ist-gestartet-jugend-erfolgreich\/img-20130916-wa0000\/\" rel=\"attachment wp-att-2055\"><img aria-describedby=\"caption-attachment-2055\" loading=\"lazy\" class=\"size-thumbnail wp-image-2055\" alt=\"Unsere 1. Damenmannschaft: Alexandra Heer, Theresa Kalies, Daniela Baumann und Silvia St\u00e4blein\" src=\"http:\/\/www.sb-versbach-tischtennis.de\/wp-content\/uploads\/2013\/09\/IMG-20130916-WA0000-150x150.jpg\" width=\"150\" height=\"150\" \/><\/a><p id=\"caption-attachment-2055\" class=\"wp-caption-text\">Unsere 1. Damenmannschaft: Alexandra Heer, Theresa Kalies, Daniela Baumann und Silvia St\u00e4blein<\/p><\/div>\n<div id=\"attachment_2056\" style=\"width: 160px\" class=\"wp-caption alignleft\"><a href=\"http:\/\/www.sb-versbach-tischtennis.de\/2013\/09\/16\/saison-ist-gestartet-jugend-erfolgreich\/img-20130916-wa0002\/\" rel=\"attachment wp-att-2056\"><img aria-describedby=\"caption-attachment-2056\" loading=\"lazy\" class=\"size-thumbnail wp-image-2056\" alt=\"Unsere 1. Jugendmannschaft mit Daniel Schlagm\u00fcller, Pit Panzer, Florian Engert und Julian Schr\u00f6der. Es fehlt Samuel Kilian\" src=\"http:\/\/www.sb-versbach-tischtennis.de\/wp-content\/uploads\/2013\/09\/IMG-20130916-WA0002-150x150.jpg\" width=\"150\" height=\"150\" \/><\/a><p id=\"caption-attachment-2056\" class=\"wp-caption-text\">Unsere 1. Jugendmannschaft mit Daniel Schlagm\u00fcller, Pit Panzer, Florian Engert und Julian Schr\u00f6der. Es fehlt Samuel Kilian<\/p><\/div>\n","protected":false},"excerpt":{"rendered":"<p>Dieses Wochenende hat die Tischtennis-Saison 2013\/14 f\u00fcr den Sportbund mit 4 Spielen angefangen. Erfolgreich gestartet ist die erste Jugend. Mit Ersatzspieler Pit Panzer f\u00fcr Samuel Kilian konnte man Hilpoltstein 2 in W\u00fcrzburg mit 8:3&#46;&#46;&#46;<\/p>\n","protected":false},"author":2,"featured_media":2056,"comment_status":"closed","ping_status":"closed","sticky":false,"template":"","format":"standard","meta":[],"categories":[],"tags":[],"_links":{"self":[{"href":"https:\/\/prev.tt-versbach.de\/index.php?rest_route=\/wp\/v2\/posts\/2063"}],"collection":[{"href":"https:\/\/prev.tt-versbach.de\/index.php?rest_route=\/wp\/v2\/posts"}],"about":[{"href":"https:\/\/prev.tt-versbach.de\/index.php?rest_route=\/wp\/v2\/types\/post"}],"author":[{"embeddable":true,"href":"https:\/\/prev.tt-versbach.de\/index.php?rest_route=\/wp\/v2\/users\/2"}],"replies":[{"embeddable":true,"href":"https:\/\/prev.tt-versbach.de\/index.php?rest_route=%2Fwp%2Fv2%2Fcomments&post=2063"}],"version-history":[{"count":3,"href":"https:\/\/prev.tt-versbach.de\/index.php?rest_route=\/wp\/v2\/posts\/2063\/revisions"}],"predecessor-version":[{"id":2066,"href":"https:\/\/prev.tt-versbach.de\/index.php?rest_route=\/wp\/v2\/posts\/2063\/revisions\/2066"}],"wp:featuredmedia":[{"embeddable":true,"href":"https:\/\/prev.tt-versbach.de\/index.php?rest_route=\/wp\/v2\/media\/2056"}],"wp:attachment":[{"href":"https:\/\/prev.tt-versbach.de\/index.php?rest_route=%2Fwp%2Fv2%2Fmedia&parent=2063"}],"wp:term":[{"taxonomy":"category","embeddable":true,"href":"https:\/\/prev.tt-versbach.de\/index.php?rest_route=%2Fwp%2Fv2%2Fcategories&post=2063"},{"taxonomy":"post_tag","embeddable":true,"href":"https:\/\/prev.tt-versbach.de\/index.php?rest_route=%2Fwp%2Fv2%2Ftags&post=2063"}],"curies":[{"name":"wp","href":"https:\/\/api.w.org\/{rel}","templated":true}]}}