{"id":1951,"date":"2013-08-13T20:51:23","date_gmt":"2013-08-13T19:51:23","guid":{"rendered":"http:\/\/www.sb-versbach-tischtennis.de\/?p=1951"},"modified":"2013-08-28T11:10:52","modified_gmt":"2013-08-28T10:10:52","slug":"michl-mueller-ausverkauft","status":"publish","type":"post","link":"https:\/\/prev.tt-versbach.de\/?p=1951","title":{"rendered":"Michl M\u00fcller ausverkauft!"},"content":{"rendered":"<p>F\u00fcr das Kabarett Michl M\u00fcller am 30.11.2013 in der Pleichachtalhalle sind alle Karten ausverkauft! Es gibt keine Karten mehr zu kaufen.<\/p>\n","protected":false},"excerpt":{"rendered":"<p>F\u00fcr das Kabarett Michl M\u00fcller am 30.11.2013 in der Pleichachtalhalle sind alle Karten ausverkauft! Es gibt keine Karten mehr zu kaufen.<\/p>\n","protected":false},"author":4,"featured_media":0,"comment_status":"closed","ping_status":"closed","sticky":false,"template":"","format":"standard","meta":[],"categories":[],"tags":[],"_links":{"self":[{"href":"https:\/\/prev.tt-versbach.de\/index.php?rest_route=\/wp\/v2\/posts\/1951"}],"collection":[{"href":"https:\/\/prev.tt-versbach.de\/index.php?rest_route=\/wp\/v2\/posts"}],"about":[{"href":"https:\/\/prev.tt-versbach.de\/index.php?rest_route=\/wp\/v2\/types\/post"}],"author":[{"embeddable":true,"href":"https:\/\/prev.tt-versbach.de\/index.php?rest_route=\/wp\/v2\/users\/4"}],"replies":[{"embeddable":true,"href":"https:\/\/prev.tt-versbach.de\/index.php?rest_route=%2Fwp%2Fv2%2Fcomments&post=1951"}],"version-history":[{"count":1,"href":"https:\/\/prev.tt-versbach.de\/index.php?rest_route=\/wp\/v2\/posts\/1951\/revisions"}],"predecessor-version":[{"id":1952,"href":"https:\/\/prev.tt-versbach.de\/index.php?rest_route=\/wp\/v2\/posts\/1951\/revisions\/1952"}],"wp:attachment":[{"href":"https:\/\/prev.tt-versbach.de\/index.php?rest_route=%2Fwp%2Fv2%2Fmedia&parent=1951"}],"wp:term":[{"taxonomy":"category","embeddable":true,"href":"https:\/\/prev.tt-versbach.de\/index.php?rest_route=%2Fwp%2Fv2%2Fcategories&post=1951"},{"taxonomy":"post_tag","embeddable":true,"href":"https:\/\/prev.tt-versbach.de\/index.php?rest_route=%2Fwp%2Fv2%2Ftags&post=1951"}],"curies":[{"name":"wp","href":"https:\/\/api.w.org\/{rel}","templated":true}]}}