{"id":1934,"date":"2013-07-22T23:27:52","date_gmt":"2013-07-22T22:27:52","guid":{"rendered":"http:\/\/www.sb-versbach-tischtennis.de\/?p=1934"},"modified":"2013-07-22T23:35:57","modified_gmt":"2013-07-22T22:35:57","slug":"saisonabschluss-im-braustuberln-der-wurzburger-hofbrau-gebuhrend-gefeiert","status":"publish","type":"post","link":"https:\/\/prev.tt-versbach.de\/?p=1934","title":{"rendered":"Saisonabschluss im Br\u00e4ust\u00fcberln der W\u00fcrzburger Hofbr\u00e4u geb\u00fchrend gefeiert"},"content":{"rendered":"<div>Am Freitag vergangener Woche feierten wir unseren riesigen Meisterschafts-Saisonerfolg im Br\u00e4ust\u00fcberl der W\u00fcrzburger Hofbr\u00e4u.<\/div>\n<div>Zuerst wurde uns die Brauerei gezeigt und auch einige geschichtliche Daten in einem netten Gewinnspiel auf interessante Weise ins Ged\u00e4chtnis gerufen.<\/div>\n<div>Danach wurde die Hitze im gut klimatisiertem St\u00fcberl ordentlich mit den unterschiedlichsten Auspr\u00e4gungen des Regionalgetr\u00e4nks gek\u00fchlt.<\/div>\n<div><\/div>\n<div>Ein herzliches Dankesch\u00f6n noch an die Organisatoren um Seppo und ein ganz besonderes Danke sende ich an das Team der W\u00fcrzburger Hofbr\u00e4u, das uns hervorragend bewirtet hat.<\/div>\n<div>Ich freue mich schon auf das n\u00e4chste Mal!<\/div>\n<div><\/div>\n<div>Euer<\/div>\n<div>Boris Collmann<\/div>\n<div>\u00a0<a href=\"http:\/\/www.sb-versbach-tischtennis.de\/2013\/07\/22\/saisonabschluss-im-braustuberln-der-wurzburger-hofbrau-gebuhrend-gefeiert\/mannschaftsphoto_2\/\" rel=\"attachment wp-att-1938\"><img loading=\"lazy\" class=\"alignleft size-medium wp-image-1938\" alt=\"Mannschaftsphoto_2\" src=\"http:\/\/www.sb-versbach-tischtennis.de\/wp-content\/uploads\/2013\/07\/Mannschaftsphoto_2-300x166.png\" width=\"300\" height=\"166\" srcset=\"https:\/\/prev.tt-versbach.de\/wp-content\/uploads\/2013\/07\/Mannschaftsphoto_2-300x166.png 300w, https:\/\/prev.tt-versbach.de\/wp-content\/uploads\/2013\/07\/Mannschaftsphoto_2-600x333.png 600w, https:\/\/prev.tt-versbach.de\/wp-content\/uploads\/2013\/07\/Mannschaftsphoto_2-150x83.png 150w, https:\/\/prev.tt-versbach.de\/wp-content\/uploads\/2013\/07\/Mannschaftsphoto_2-400x222.png 400w, https:\/\/prev.tt-versbach.de\/wp-content\/uploads\/2013\/07\/Mannschaftsphoto_2.png 800w\" sizes=\"(max-width: 300px) 100vw, 300px\" \/><\/a><\/div>\n","protected":false},"excerpt":{"rendered":"<p>Am Freitag vergangener Woche feierten wir unseren riesigen Meisterschafts-Saisonerfolg im Br\u00e4ust\u00fcberl der W\u00fcrzburger Hofbr\u00e4u. Zuerst wurde uns die Brauerei gezeigt und auch einige geschichtliche Daten in einem netten Gewinnspiel auf interessante Weise ins Ged\u00e4chtnis&#46;&#46;&#46;<\/p>\n","protected":false},"author":2,"featured_media":1939,"comment_status":"closed","ping_status":"closed","sticky":false,"template":"","format":"standard","meta":[],"categories":[],"tags":[],"_links":{"self":[{"href":"https:\/\/prev.tt-versbach.de\/index.php?rest_route=\/wp\/v2\/posts\/1934"}],"collection":[{"href":"https:\/\/prev.tt-versbach.de\/index.php?rest_route=\/wp\/v2\/posts"}],"about":[{"href":"https:\/\/prev.tt-versbach.de\/index.php?rest_route=\/wp\/v2\/types\/post"}],"author":[{"embeddable":true,"href":"https:\/\/prev.tt-versbach.de\/index.php?rest_route=\/wp\/v2\/users\/2"}],"replies":[{"embeddable":true,"href":"https:\/\/prev.tt-versbach.de\/index.php?rest_route=%2Fwp%2Fv2%2Fcomments&post=1934"}],"version-history":[{"count":8,"href":"https:\/\/prev.tt-versbach.de\/index.php?rest_route=\/wp\/v2\/posts\/1934\/revisions"}],"predecessor-version":[{"id":1944,"href":"https:\/\/prev.tt-versbach.de\/index.php?rest_route=\/wp\/v2\/posts\/1934\/revisions\/1944"}],"wp:featuredmedia":[{"embeddable":true,"href":"https:\/\/prev.tt-versbach.de\/index.php?rest_route=\/wp\/v2\/media\/1939"}],"wp:attachment":[{"href":"https:\/\/prev.tt-versbach.de\/index.php?rest_route=%2Fwp%2Fv2%2Fmedia&parent=1934"}],"wp:term":[{"taxonomy":"category","embeddable":true,"href":"https:\/\/prev.tt-versbach.de\/index.php?rest_route=%2Fwp%2Fv2%2Fcategories&post=1934"},{"taxonomy":"post_tag","embeddable":true,"href":"https:\/\/prev.tt-versbach.de\/index.php?rest_route=%2Fwp%2Fv2%2Ftags&post=1934"}],"curies":[{"name":"wp","href":"https:\/\/api.w.org\/{rel}","templated":true}]}}