{"id":1710,"date":"2013-04-15T07:58:27","date_gmt":"2013-04-15T06:58:27","guid":{"rendered":"http:\/\/www.sb-versbach-tischtennis.de\/?p=1710"},"modified":"2013-04-15T07:58:27","modified_gmt":"2013-04-15T06:58:27","slug":"herren-3-mannschaft-ist-meister-in-der-3-bezirksliga","status":"publish","type":"post","link":"https:\/\/prev.tt-versbach.de\/?p=1710","title":{"rendered":"Herren &#8211; 3. Mannschaft ist MEISTER !!! in der 3. Bezirksliga"},"content":{"rendered":"<p>Es ist vollbracht &#8211; auch die 3. Herrenmannschaft hat die Meisterschaft errungen und wird in der kommenden Saison in der 2. Bezirksliga aufschlagen.<\/p>\n<p>Am Erfolg beteiligt waren:<\/p>\n<p>Andr\u00e9 Scheer, Daniel Schlagm\u00fcller, Michael Fu\u00df, Stefan Fritsch, Peter Marx, Bastian Sch\u00f6mig, Frank Jeziorski und Tobias Greissing<\/p>\n<p><a href=\"http:\/\/www.sb-versbach-tischtennis.de\/wp-content\/uploads\/2013\/04\/Herren-3.jpg\" data-rel=\"lightbox-image-0\" data-rl_title=\"\" data-rl_caption=\"\" title=\"\"><img loading=\"lazy\" class=\"alignnone size-thumbnail wp-image-1709\" alt=\"Herren 3\" src=\"http:\/\/www.sb-versbach-tischtennis.de\/wp-content\/uploads\/2013\/04\/Herren-3-150x150.jpg\" width=\"150\" height=\"150\" \/><\/a><\/p>\n<p>Ein ausf\u00fchrlicher Artikel folgt nach unserem internen 2-er Mannschaftsturnier am kommen Samstag &#8211; das die Herren Fritscherer und Scheererer nicht gewinnen werden;-)<\/p>\n","protected":false},"excerpt":{"rendered":"<p>Es ist vollbracht &#8211; auch die 3. Herrenmannschaft hat die Meisterschaft errungen und wird in der kommenden Saison in der 2. Bezirksliga aufschlagen. Am Erfolg beteiligt waren: Andr\u00e9 Scheer, Daniel Schlagm\u00fcller, Michael Fu\u00df, Stefan&#46;&#46;&#46;<\/p>\n","protected":false},"author":3,"featured_media":0,"comment_status":"closed","ping_status":"closed","sticky":false,"template":"","format":"standard","meta":[],"categories":[],"tags":[],"_links":{"self":[{"href":"https:\/\/prev.tt-versbach.de\/index.php?rest_route=\/wp\/v2\/posts\/1710"}],"collection":[{"href":"https:\/\/prev.tt-versbach.de\/index.php?rest_route=\/wp\/v2\/posts"}],"about":[{"href":"https:\/\/prev.tt-versbach.de\/index.php?rest_route=\/wp\/v2\/types\/post"}],"author":[{"embeddable":true,"href":"https:\/\/prev.tt-versbach.de\/index.php?rest_route=\/wp\/v2\/users\/3"}],"replies":[{"embeddable":true,"href":"https:\/\/prev.tt-versbach.de\/index.php?rest_route=%2Fwp%2Fv2%2Fcomments&post=1710"}],"version-history":[{"count":3,"href":"https:\/\/prev.tt-versbach.de\/index.php?rest_route=\/wp\/v2\/posts\/1710\/revisions"}],"predecessor-version":[{"id":1713,"href":"https:\/\/prev.tt-versbach.de\/index.php?rest_route=\/wp\/v2\/posts\/1710\/revisions\/1713"}],"wp:attachment":[{"href":"https:\/\/prev.tt-versbach.de\/index.php?rest_route=%2Fwp%2Fv2%2Fmedia&parent=1710"}],"wp:term":[{"taxonomy":"category","embeddable":true,"href":"https:\/\/prev.tt-versbach.de\/index.php?rest_route=%2Fwp%2Fv2%2Fcategories&post=1710"},{"taxonomy":"post_tag","embeddable":true,"href":"https:\/\/prev.tt-versbach.de\/index.php?rest_route=%2Fwp%2Fv2%2Ftags&post=1710"}],"curies":[{"name":"wp","href":"https:\/\/api.w.org\/{rel}","templated":true}]}}