{"id":165,"date":"2011-08-26T11:55:53","date_gmt":"2011-08-26T10:55:53","guid":{"rendered":"http:\/\/sb-versbach-tischtennis.de\/?p=165"},"modified":"2011-08-28T14:33:17","modified_gmt":"2011-08-28T13:33:17","slug":"viele-neue-gesichter","status":"publish","type":"post","link":"https:\/\/prev.tt-versbach.de\/?p=165","title":{"rendered":"Viele neue Gesichter"},"content":{"rendered":"<p>In der kommenden Saison werden wieder einige neue Gesichter f\u00fcr den Sportbund an die Platte gehen.\u00a0 Wer da so alles kommt, wollen wir euch in den n\u00e4chsten Tagen hier auf unserer neuen Internetseite pr\u00e4sentieren.<\/p>\n<p><a href=\"http:\/\/www.sb-versbach-tischtennis.de\/wp-content\/uploads\/2011\/08\/Kuternozinski.jpg\" data-rel=\"lightbox-image-0\" data-rl_title=\"\" data-rl_caption=\"\" title=\"\"><img loading=\"lazy\" class=\"alignleft size-full wp-image-163\" title=\"Kuternozinski\" src=\"http:\/\/www.sb-versbach-tischtennis.de\/wp-content\/uploads\/2011\/08\/Kuternozinski.jpg\" alt=\"Michal Kuternozinski\" width=\"100\" height=\"122\" \/><\/a>Den Anfang machen wir mit <strong>Michal Kuternozinski<\/strong>, unserer neuen Nr. 2 in der ersten Herrenmannschaft. Michal spielte zuletzt f\u00fcr den SV Darmstadt 98 in der Hessenliga an Postition 1 und hatte eine hervorragende Bilanz von 35:9.<\/p>\n<p>Wir begr\u00fc\u00dfen Michal herzlich in Versbach und w\u00fcnschen Ihm eine gute Zeit an der Pleich!<\/p>\n<p>&nbsp;<\/p>\n","protected":false},"excerpt":{"rendered":"<p>In der kommenden Saison werden wieder einige neue Gesichter f\u00fcr den Sportbund an die Platte gehen.\u00a0 Wer da so alles kommt, wollen wir euch in den n\u00e4chsten Tagen hier auf unserer neuen Internetseite pr\u00e4sentieren.&#46;&#46;&#46;<\/p>\n","protected":false},"author":2,"featured_media":163,"comment_status":"closed","ping_status":"open","sticky":false,"template":"","format":"standard","meta":[],"categories":[],"tags":[],"_links":{"self":[{"href":"https:\/\/prev.tt-versbach.de\/index.php?rest_route=\/wp\/v2\/posts\/165"}],"collection":[{"href":"https:\/\/prev.tt-versbach.de\/index.php?rest_route=\/wp\/v2\/posts"}],"about":[{"href":"https:\/\/prev.tt-versbach.de\/index.php?rest_route=\/wp\/v2\/types\/post"}],"author":[{"embeddable":true,"href":"https:\/\/prev.tt-versbach.de\/index.php?rest_route=\/wp\/v2\/users\/2"}],"replies":[{"embeddable":true,"href":"https:\/\/prev.tt-versbach.de\/index.php?rest_route=%2Fwp%2Fv2%2Fcomments&post=165"}],"version-history":[{"count":14,"href":"https:\/\/prev.tt-versbach.de\/index.php?rest_route=\/wp\/v2\/posts\/165\/revisions"}],"predecessor-version":[{"id":169,"href":"https:\/\/prev.tt-versbach.de\/index.php?rest_route=\/wp\/v2\/posts\/165\/revisions\/169"}],"wp:featuredmedia":[{"embeddable":true,"href":"https:\/\/prev.tt-versbach.de\/index.php?rest_route=\/wp\/v2\/media\/163"}],"wp:attachment":[{"href":"https:\/\/prev.tt-versbach.de\/index.php?rest_route=%2Fwp%2Fv2%2Fmedia&parent=165"}],"wp:term":[{"taxonomy":"category","embeddable":true,"href":"https:\/\/prev.tt-versbach.de\/index.php?rest_route=%2Fwp%2Fv2%2Fcategories&post=165"},{"taxonomy":"post_tag","embeddable":true,"href":"https:\/\/prev.tt-versbach.de\/index.php?rest_route=%2Fwp%2Fv2%2Ftags&post=165"}],"curies":[{"name":"wp","href":"https:\/\/api.w.org\/{rel}","templated":true}]}}