{"id":1573,"date":"2013-02-21T10:54:20","date_gmt":"2013-02-21T09:54:20","guid":{"rendered":"http:\/\/www.sb-versbach-tischtennis.de\/?p=1573"},"modified":"2013-02-21T10:59:16","modified_gmt":"2013-02-21T09:59:16","slug":"1573","status":"publish","type":"post","link":"https:\/\/prev.tt-versbach.de\/?p=1573","title":{"rendered":"Sportbund muss zum Tabellenzweiten nach Effeltrich"},"content":{"rendered":"<div>\n<div id=\"attachment_1574\" style=\"width: 160px\" class=\"wp-caption alignleft\"><a href=\"http:\/\/www.sb-versbach-tischtennis.de\/2013\/02\/21\/1573\/zaus\/\" rel=\"attachment wp-att-1574\"><img aria-describedby=\"caption-attachment-1574\" loading=\"lazy\" class=\"size-thumbnail wp-image-1574\" alt=\"Marius Zaus - Nr. 2 bei Effeltrich\" src=\"http:\/\/www.sb-versbach-tischtennis.de\/wp-content\/uploads\/2013\/02\/Zaus-150x150.jpg\" width=\"150\" height=\"150\" srcset=\"https:\/\/prev.tt-versbach.de\/wp-content\/uploads\/2013\/02\/Zaus-150x150.jpg 150w, https:\/\/prev.tt-versbach.de\/wp-content\/uploads\/2013\/02\/Zaus-300x300.jpg 300w, https:\/\/prev.tt-versbach.de\/wp-content\/uploads\/2013\/02\/Zaus.jpg 400w\" sizes=\"(max-width: 150px) 100vw, 150px\" \/><\/a><p id=\"caption-attachment-1574\" class=\"wp-caption-text\">Marius Zaus, Effeltrichs Nr. 2, konnte beim Deutschen Top 12 der Jugend einen guten 7 Platz ergattern.<\/p><\/div>\n<p>Am Samstag um 18:30 Uhr steigt in Oberfranken das Spitzenspiel Erster gegen Zweiter! Der Sportbund k\u00f6nnte mit einem Sieg \u00fcber Effeltrich die T\u00fcre in die dritte Liga ganz weit aufsto\u00dfen, w\u00fcrde der Vorsprung doch auf sechs Punkte ansteigen.<\/p>\n<\/div>\n<div><\/div>\n<div>Dies wird f\u00fcr die M\u00e4nner um Kapit\u00e4n Michael Stock jedoch eine Mammutaufgabe. Die Spielverh\u00e4ltnisse in Effeltrich sind sehr schwierig. Letztes Jahr kam man mit 3:9 unter die R\u00e4der. Und dieses Jahr wird zus\u00e4tzlich eine Rekordkulisse die Oberfranken anfeuern um den Vorsprung auf zwei Punkte zu verringern.<\/div>\n<div><\/div>\n<div>Das der Sportbund vor gro\u00dfer Kulisse bestehen kann haben sie diese Saison bereits beim Heimspiel gegen Erlangen gezeigt. \u00a0Damals verwandelten ca. 300 Zuschauer die Pleichachtalhalle in einen Hexenkessel! Auf \u00e4hnliches, diesmal aber ausw\u00e4rts, \u00a0k\u00f6nnen sich Benni R\u00f6sner, \u00a0Andi Ball, \u00a0Daniel Geist, Michael Stock, Christoph Weinhold und Oliver Welt einstellen!<\/div>\n","protected":false},"excerpt":{"rendered":"<p>Am Samstag um 18:30 Uhr steigt in Oberfranken das Spitzenspiel Erster gegen Zweiter! Der Sportbund k\u00f6nnte mit einem Sieg \u00fcber Effeltrich die T\u00fcre in die dritte Liga ganz weit aufsto\u00dfen, w\u00fcrde der Vorsprung doch&#46;&#46;&#46;<\/p>\n","protected":false},"author":2,"featured_media":1574,"comment_status":"closed","ping_status":"closed","sticky":false,"template":"","format":"standard","meta":[],"categories":[],"tags":[],"_links":{"self":[{"href":"https:\/\/prev.tt-versbach.de\/index.php?rest_route=\/wp\/v2\/posts\/1573"}],"collection":[{"href":"https:\/\/prev.tt-versbach.de\/index.php?rest_route=\/wp\/v2\/posts"}],"about":[{"href":"https:\/\/prev.tt-versbach.de\/index.php?rest_route=\/wp\/v2\/types\/post"}],"author":[{"embeddable":true,"href":"https:\/\/prev.tt-versbach.de\/index.php?rest_route=\/wp\/v2\/users\/2"}],"replies":[{"embeddable":true,"href":"https:\/\/prev.tt-versbach.de\/index.php?rest_route=%2Fwp%2Fv2%2Fcomments&post=1573"}],"version-history":[{"count":6,"href":"https:\/\/prev.tt-versbach.de\/index.php?rest_route=\/wp\/v2\/posts\/1573\/revisions"}],"predecessor-version":[{"id":1580,"href":"https:\/\/prev.tt-versbach.de\/index.php?rest_route=\/wp\/v2\/posts\/1573\/revisions\/1580"}],"wp:featuredmedia":[{"embeddable":true,"href":"https:\/\/prev.tt-versbach.de\/index.php?rest_route=\/wp\/v2\/media\/1574"}],"wp:attachment":[{"href":"https:\/\/prev.tt-versbach.de\/index.php?rest_route=%2Fwp%2Fv2%2Fmedia&parent=1573"}],"wp:term":[{"taxonomy":"category","embeddable":true,"href":"https:\/\/prev.tt-versbach.de\/index.php?rest_route=%2Fwp%2Fv2%2Fcategories&post=1573"},{"taxonomy":"post_tag","embeddable":true,"href":"https:\/\/prev.tt-versbach.de\/index.php?rest_route=%2Fwp%2Fv2%2Ftags&post=1573"}],"curies":[{"name":"wp","href":"https:\/\/api.w.org\/{rel}","templated":true}]}}