{"id":1462,"date":"2012-12-15T11:33:52","date_gmt":"2012-12-15T10:33:52","guid":{"rendered":"http:\/\/www.sb-versbach-tischtennis.de\/?p=1462"},"modified":"2012-12-31T11:35:19","modified_gmt":"2012-12-31T10:35:19","slug":"daniel-schlagmuller-gutes-abschneiden-auf-der-bayerischen-tischtennismeisterschaft","status":"publish","type":"post","link":"https:\/\/prev.tt-versbach.de\/?p=1462","title":{"rendered":"Daniel Schlagm\u00fcller: Gutes Abschneiden auf der Bayerischen Tischtennismeisterschaft"},"content":{"rendered":"<div id=\"attachment_1422\" style=\"width: 310px\" class=\"wp-caption alignleft\"><a href=\"http:\/\/www.sb-versbach-tischtennis.de\/2012\/12\/31\/daniel-schlagmuller-gutes-abschneiden-auf-der-bayerischen-tischtennismeisterschaft\/schuelera\/\" rel=\"attachment wp-att-1422\"><img aria-describedby=\"caption-attachment-1422\" loading=\"lazy\" class=\"size-medium wp-image-1422\" title=\"Bezirksmeisterschaft 2012 Schueler A\" src=\"http:\/\/www.sb-versbach-tischtennis.de\/wp-content\/uploads\/2012\/11\/SchuelerA-300x225.jpg\" alt=\"\" width=\"300\" height=\"225\" srcset=\"https:\/\/prev.tt-versbach.de\/wp-content\/uploads\/2012\/11\/SchuelerA-300x225.jpg 300w, https:\/\/prev.tt-versbach.de\/wp-content\/uploads\/2012\/11\/SchuelerA-150x112.jpg 150w, https:\/\/prev.tt-versbach.de\/wp-content\/uploads\/2012\/11\/SchuelerA-400x300.jpg 400w, https:\/\/prev.tt-versbach.de\/wp-content\/uploads\/2012\/11\/SchuelerA.jpg 640w\" sizes=\"(max-width: 300px) 100vw, 300px\" \/><\/a><p id=\"caption-attachment-1422\" class=\"wp-caption-text\">Daniel Schlagm\u00fcller (links, hier nach dem Gewinn der Bezirksmeisterschaft) wurde zusammen mit Florian Enger (2. von links) Bayerischer Vizemeister im Doppel der Sch\u00fcler A.<\/p><\/div>\n<p>Daniel Schlagm\u00fcller konnte als Sieger der Bezirksmeisterschaft in Unterfranken am 8.\/9. Dezember zur Bayerischen Meisterschaft nach Grafenau fahren wo er den Bezirk gut vertreten hat. Im Einzel gelangte er ohne Probleme ins Viertelfinale, wo er dann allerdings auf den sp\u00e4teren Sieger und Bayerischen Meister Florian Schwalm vom SC F\u00fcrstenfeldbruck traf und ausschied.<\/p>\n<p>Im Doppel lief es besser: Zusammen mit Florian Engert aus G\u00fcntersleben kam Daniel in Finale. Dort mussten die beiden sich Marcel Kutzner (TV 1879 Hilpoltstein) und Bojan Besinger (TSV Windsbach) in f\u00fcnf hart umk\u00e4mpten S\u00e4tzen (8,-5,19,-11,-7) geschlagen geben.<\/p>\n<p><strong>Wir gratulieren trotzdem zum hervorragenden zweiten Platz und ebenso zum erreichen des Viertelfinals im Einzel.<br \/>\n<\/strong><\/p>\n","protected":false},"excerpt":{"rendered":"<p>Daniel Schlagm\u00fcller konnte als Sieger der Bezirksmeisterschaft in Unterfranken am 8.\/9. Dezember zur Bayerischen Meisterschaft nach Grafenau fahren wo er den Bezirk gut vertreten hat. Im Einzel gelangte er ohne Probleme ins Viertelfinale, wo&#46;&#46;&#46;<\/p>\n","protected":false},"author":2,"featured_media":1422,"comment_status":"closed","ping_status":"open","sticky":false,"template":"","format":"standard","meta":[],"categories":[],"tags":[],"_links":{"self":[{"href":"https:\/\/prev.tt-versbach.de\/index.php?rest_route=\/wp\/v2\/posts\/1462"}],"collection":[{"href":"https:\/\/prev.tt-versbach.de\/index.php?rest_route=\/wp\/v2\/posts"}],"about":[{"href":"https:\/\/prev.tt-versbach.de\/index.php?rest_route=\/wp\/v2\/types\/post"}],"author":[{"embeddable":true,"href":"https:\/\/prev.tt-versbach.de\/index.php?rest_route=\/wp\/v2\/users\/2"}],"replies":[{"embeddable":true,"href":"https:\/\/prev.tt-versbach.de\/index.php?rest_route=%2Fwp%2Fv2%2Fcomments&post=1462"}],"version-history":[{"count":6,"href":"https:\/\/prev.tt-versbach.de\/index.php?rest_route=\/wp\/v2\/posts\/1462\/revisions"}],"predecessor-version":[{"id":1467,"href":"https:\/\/prev.tt-versbach.de\/index.php?rest_route=\/wp\/v2\/posts\/1462\/revisions\/1467"}],"wp:featuredmedia":[{"embeddable":true,"href":"https:\/\/prev.tt-versbach.de\/index.php?rest_route=\/wp\/v2\/media\/1422"}],"wp:attachment":[{"href":"https:\/\/prev.tt-versbach.de\/index.php?rest_route=%2Fwp%2Fv2%2Fmedia&parent=1462"}],"wp:term":[{"taxonomy":"category","embeddable":true,"href":"https:\/\/prev.tt-versbach.de\/index.php?rest_route=%2Fwp%2Fv2%2Fcategories&post=1462"},{"taxonomy":"post_tag","embeddable":true,"href":"https:\/\/prev.tt-versbach.de\/index.php?rest_route=%2Fwp%2Fv2%2Ftags&post=1462"}],"curies":[{"name":"wp","href":"https:\/\/api.w.org\/{rel}","templated":true}]}}