{"id":1456,"date":"2012-12-27T00:18:04","date_gmt":"2012-12-26T23:18:04","guid":{"rendered":"http:\/\/www.sb-versbach-tischtennis.de\/?p=1456"},"modified":"2012-12-27T00:33:20","modified_gmt":"2012-12-26T23:33:20","slug":"tischtennis-oberliga-sb-versbach-gegen-erlangen","status":"publish","type":"post","link":"https:\/\/prev.tt-versbach.de\/?p=1456","title":{"rendered":"Tischtennis-Oberliga: SB Versbach gegen Erlangen"},"content":{"rendered":"<div>Am Samstag\u00a0<strong>05.01.2013\u00a0<\/strong>um\u00a0<strong>14:00 Uhr<\/strong>\u00a0kommt es in der Pleichachtalhalle, Versbacher Stra\u00dfe, gleich zum Beginn der R\u00fcckrunde zum Topspiel gegen Erlangen.<\/div>\n<div><\/div>\n<div><strong>ERSTER GEGEN ZWEITEN!<\/strong><\/div>\n<div><\/div>\n<div>\n<div id=\"attachment_1343\" style=\"width: 310px\" class=\"wp-caption alignleft\"><a href=\"http:\/\/www.sb-versbach-tischtennis.de\/sport\/1-herrenmannschaft\/sbv_2012_13_1000px\/\" rel=\"attachment wp-att-1343\"><img aria-describedby=\"caption-attachment-1343\" loading=\"lazy\" class=\"size-medium wp-image-1343\" title=\"SBV_2012_13_1000px\" src=\"http:\/\/www.sb-versbach-tischtennis.de\/wp-content\/uploads\/2012\/10\/SBV_2012_13_1000px-300x225.jpg\" alt=\"Tischtennis-Oberliga in Versbach\" width=\"300\" height=\"225\" srcset=\"https:\/\/prev.tt-versbach.de\/wp-content\/uploads\/2012\/10\/SBV_2012_13_1000px-300x225.jpg 300w, https:\/\/prev.tt-versbach.de\/wp-content\/uploads\/2012\/10\/SBV_2012_13_1000px-150x112.jpg 150w, https:\/\/prev.tt-versbach.de\/wp-content\/uploads\/2012\/10\/SBV_2012_13_1000px-400x300.jpg 400w, https:\/\/prev.tt-versbach.de\/wp-content\/uploads\/2012\/10\/SBV_2012_13_1000px.jpg 1000w\" sizes=\"(max-width: 300px) 100vw, 300px\" \/><\/a><p id=\"caption-attachment-1343\" class=\"wp-caption-text\">Links hinten: Hubert Uhl, Daniel Geist, Michael Stock, Benjamin R\u00f6sner, Andreas Ball und Abteilungsleiter Frank Jeziorski<br \/>Vorne links: Christopher Weinhold und Oliver Welt<\/p><\/div>\n<p>Wir hoffen auf die Unterst\u00fctzung vieler Zuschauer um wie in der Vorrunde (8:8) eine \u00dcberraschung gegen den gro\u00dfen Favoriten aus Mittelfranken zu schaffen!!! Bei Erlangen ist vor der Saison Adidas als Sponsor eingestiegen. Daraufhin hat sich das Team mit drei Ausl\u00e4ndern verst\u00e4rkt. Darunter der ehemalige ungarische Nationalspieler, Istvan Toth, \u00a0und der wei\u00dfrussische Nationalspieler, Kiri Barabanov.<\/p>\n<\/div>\n<div><\/div>\n<div>Versbach h\u00e4lt mit Benni R\u00f6sner, Andi Ball und im mittleren Paarkreuz mit Daniel Geist dagegen.\u00a0Die Vorrunde zeigt, dass unsere Philosophie, mit vorrangig deutschen Spielern aus der Region anzutreten, auf Zuspruch st\u00f6\u00dft! !<\/div>\n<div><\/div>\n<div>Mit ca. 50 Zuschauern im Schnitt haben wir die meisten Zuschauer in der Oberliga &#8211; gegen Erlangen wollen wir die 100er \u00a0Marke knacken!\u00a0Deshalb hoffen wir auf euer kommen. Bitte sagt auch euren Freunden und sonstigen Tischtennisfreunden bescheid!<\/div>\n<div><\/div>\n<div><strong>Eintritt ist frei und f\u00fcr Verpflegung ist gesorgt!<\/strong><\/div>\n<div><\/div>\n<div>Wir freuen uns auf euer kommen!!<\/div>\n","protected":false},"excerpt":{"rendered":"<p>Am Samstag\u00a005.01.2013\u00a0um\u00a014:00 Uhr\u00a0kommt es in der Pleichachtalhalle, Versbacher Stra\u00dfe, gleich zum Beginn der R\u00fcckrunde zum Topspiel gegen Erlangen. ERSTER GEGEN ZWEITEN! Wir hoffen auf die Unterst\u00fctzung vieler Zuschauer um wie in der Vorrunde (8:8)&#46;&#46;&#46;<\/p>\n","protected":false},"author":2,"featured_media":1343,"comment_status":"closed","ping_status":"open","sticky":false,"template":"","format":"standard","meta":[],"categories":[],"tags":[],"_links":{"self":[{"href":"https:\/\/prev.tt-versbach.de\/index.php?rest_route=\/wp\/v2\/posts\/1456"}],"collection":[{"href":"https:\/\/prev.tt-versbach.de\/index.php?rest_route=\/wp\/v2\/posts"}],"about":[{"href":"https:\/\/prev.tt-versbach.de\/index.php?rest_route=\/wp\/v2\/types\/post"}],"author":[{"embeddable":true,"href":"https:\/\/prev.tt-versbach.de\/index.php?rest_route=\/wp\/v2\/users\/2"}],"replies":[{"embeddable":true,"href":"https:\/\/prev.tt-versbach.de\/index.php?rest_route=%2Fwp%2Fv2%2Fcomments&post=1456"}],"version-history":[{"count":5,"href":"https:\/\/prev.tt-versbach.de\/index.php?rest_route=\/wp\/v2\/posts\/1456\/revisions"}],"predecessor-version":[{"id":1459,"href":"https:\/\/prev.tt-versbach.de\/index.php?rest_route=\/wp\/v2\/posts\/1456\/revisions\/1459"}],"wp:featuredmedia":[{"embeddable":true,"href":"https:\/\/prev.tt-versbach.de\/index.php?rest_route=\/wp\/v2\/media\/1343"}],"wp:attachment":[{"href":"https:\/\/prev.tt-versbach.de\/index.php?rest_route=%2Fwp%2Fv2%2Fmedia&parent=1456"}],"wp:term":[{"taxonomy":"category","embeddable":true,"href":"https:\/\/prev.tt-versbach.de\/index.php?rest_route=%2Fwp%2Fv2%2Fcategories&post=1456"},{"taxonomy":"post_tag","embeddable":true,"href":"https:\/\/prev.tt-versbach.de\/index.php?rest_route=%2Fwp%2Fv2%2Ftags&post=1456"}],"curies":[{"name":"wp","href":"https:\/\/api.w.org\/{rel}","templated":true}]}}