{"id":1439,"date":"2012-12-06T15:43:52","date_gmt":"2012-12-06T14:43:52","guid":{"rendered":"http:\/\/www.sb-versbach-tischtennis.de\/?p=1439"},"modified":"2012-12-06T15:43:52","modified_gmt":"2012-12-06T14:43:52","slug":"jugend-bayerische-einzelmeistschaften-sammy-und-daniel-kampfen-um-die-titel-in-grafenau","status":"publish","type":"post","link":"https:\/\/prev.tt-versbach.de\/?p=1439","title":{"rendered":"Jugend: Bayerische Einzelmeistschaften &#8211; Sammy und Daniel k\u00e4mpfen um die Titel in Grafenau"},"content":{"rendered":"<p>Am kommenden Wochenende werden in Grafenau die diesj\u00e4hrigen Bayerischen Einzelmeisterschaften im Nachwuchs ausgetragen. Mit Daniel Schlagm\u00fcller (Sch\u00fcler A) und Samuel Kilian (Jugend) haben sich zwei Spieler aus unserer 1. Jugendmannschaft qualifiziert. Wir w\u00fcnschen den Beiden auf diesem Weg viel Spa\u00df und Erfolg !!!<\/p>\n","protected":false},"excerpt":{"rendered":"<p>Am kommenden Wochenende werden in Grafenau die diesj\u00e4hrigen Bayerischen Einzelmeisterschaften im Nachwuchs ausgetragen. Mit Daniel Schlagm\u00fcller (Sch\u00fcler A) und Samuel Kilian (Jugend) haben sich zwei Spieler aus unserer 1. Jugendmannschaft qualifiziert. Wir w\u00fcnschen den&#46;&#46;&#46;<\/p>\n","protected":false},"author":3,"featured_media":0,"comment_status":"closed","ping_status":"open","sticky":false,"template":"","format":"standard","meta":[],"categories":[],"tags":[],"_links":{"self":[{"href":"https:\/\/prev.tt-versbach.de\/index.php?rest_route=\/wp\/v2\/posts\/1439"}],"collection":[{"href":"https:\/\/prev.tt-versbach.de\/index.php?rest_route=\/wp\/v2\/posts"}],"about":[{"href":"https:\/\/prev.tt-versbach.de\/index.php?rest_route=\/wp\/v2\/types\/post"}],"author":[{"embeddable":true,"href":"https:\/\/prev.tt-versbach.de\/index.php?rest_route=\/wp\/v2\/users\/3"}],"replies":[{"embeddable":true,"href":"https:\/\/prev.tt-versbach.de\/index.php?rest_route=%2Fwp%2Fv2%2Fcomments&post=1439"}],"version-history":[{"count":3,"href":"https:\/\/prev.tt-versbach.de\/index.php?rest_route=\/wp\/v2\/posts\/1439\/revisions"}],"predecessor-version":[{"id":1442,"href":"https:\/\/prev.tt-versbach.de\/index.php?rest_route=\/wp\/v2\/posts\/1439\/revisions\/1442"}],"wp:attachment":[{"href":"https:\/\/prev.tt-versbach.de\/index.php?rest_route=%2Fwp%2Fv2%2Fmedia&parent=1439"}],"wp:term":[{"taxonomy":"category","embeddable":true,"href":"https:\/\/prev.tt-versbach.de\/index.php?rest_route=%2Fwp%2Fv2%2Fcategories&post=1439"},{"taxonomy":"post_tag","embeddable":true,"href":"https:\/\/prev.tt-versbach.de\/index.php?rest_route=%2Fwp%2Fv2%2Ftags&post=1439"}],"curies":[{"name":"wp","href":"https:\/\/api.w.org\/{rel}","templated":true}]}}