{"id":1303,"date":"2012-09-13T14:03:52","date_gmt":"2012-09-13T13:03:52","guid":{"rendered":"http:\/\/www.sb-versbach-tischtennis.de\/?p=1303"},"modified":"2012-09-13T14:13:12","modified_gmt":"2012-09-13T13:13:12","slug":"saisonauftakt-endlich-wieder-tischtennis","status":"publish","type":"post","link":"https:\/\/prev.tt-versbach.de\/?p=1303","title":{"rendered":"Saisonauftakt: Endlich wieder Tischtennis!"},"content":{"rendered":"<div id=\"attachment_1304\" style=\"width: 110px\" class=\"wp-caption alignleft\"><a href=\"http:\/\/www.sb-versbach-tischtennis.de\/2012\/09\/13\/saisonauftakt-endlich-wieder-tischtennis\/kalies\/\" rel=\"attachment wp-att-1304\"><img aria-describedby=\"caption-attachment-1304\" loading=\"lazy\" class=\"size-full wp-image-1304\" title=\"Theresa Kalies\" src=\"http:\/\/www.sb-versbach-tischtennis.de\/wp-content\/uploads\/2012\/09\/Kalies.jpg\" alt=\"Am Samstag zum ersten mal f\u00fcr Versbach an der Platte: Theresa Kalies\" width=\"100\" height=\"103\" \/><\/a><p id=\"caption-attachment-1304\" class=\"wp-caption-text\">Am Samstag zum ersten mal f\u00fcr Versbach an der Platte: Theresa Kalies<\/p><\/div>\n<p>Es ist so weit &#8211; die Saison geht wieder los. Den Anfang machten am gestrigen Mittwoch unsere zehnte Mannschaft im internen Duell mit der achten (Ergebnis liegt mir leider noch nicht vor). Am Freitag endet dann die Sommerpause auch f\u00fcr die neunte und sechste Mannschaft. Am selben Tag wird unsere dritte im ersten Freitagsheimspiel gegen den TTC Rettersheim antreten.<\/p>\n<p>Am <strong>Samstag um 14 Uhr<\/strong> starten dann auch f\u00fcr unsere ersten Mannschaften in die Saison: In der Damen-Bayernliga kommt der <strong>TV 1921 Hofstetten II<\/strong> in die nach W\u00fcrzburg und Theresa\u00a0Kalies zu ihrem ersten Einsatz f\u00fcr Versbach.<\/p>\n<p>Gleichzeitig, also auch um 14 Uhr tritt dann die<strong> DJK SpVgg Effeltrich<\/strong> in der Pleichachtalhalle gegen unsere Oberliga-Herrenmannschaft an. Mannschaftsf\u00fchrer Auch Mannschaftsf\u00fchrer Michael Stock kann auf neue Teamkolegen z\u00e4hlen und hofft auf einen positiven Saisonauftakt.<\/p>\n<p><strong>Zuschauer sind wie immer herzlich Willkommen!<\/strong><\/p>\n<p>Am Nachmittag dann noch eine Premiere: f\u00fcr unsere neu gegr\u00fcndete dritte Damenmannschaft geht es um 16.00 Uhr<\/p>\n","protected":false},"excerpt":{"rendered":"<p>Es ist so weit &#8211; die Saison geht wieder los. Den Anfang machten am gestrigen Mittwoch unsere zehnte Mannschaft im internen Duell mit der achten (Ergebnis liegt mir leider noch nicht vor). Am Freitag&#46;&#46;&#46;<\/p>\n","protected":false},"author":2,"featured_media":1304,"comment_status":"closed","ping_status":"open","sticky":false,"template":"","format":"standard","meta":[],"categories":[],"tags":[],"_links":{"self":[{"href":"https:\/\/prev.tt-versbach.de\/index.php?rest_route=\/wp\/v2\/posts\/1303"}],"collection":[{"href":"https:\/\/prev.tt-versbach.de\/index.php?rest_route=\/wp\/v2\/posts"}],"about":[{"href":"https:\/\/prev.tt-versbach.de\/index.php?rest_route=\/wp\/v2\/types\/post"}],"author":[{"embeddable":true,"href":"https:\/\/prev.tt-versbach.de\/index.php?rest_route=\/wp\/v2\/users\/2"}],"replies":[{"embeddable":true,"href":"https:\/\/prev.tt-versbach.de\/index.php?rest_route=%2Fwp%2Fv2%2Fcomments&post=1303"}],"version-history":[{"count":8,"href":"https:\/\/prev.tt-versbach.de\/index.php?rest_route=\/wp\/v2\/posts\/1303\/revisions"}],"predecessor-version":[{"id":1307,"href":"https:\/\/prev.tt-versbach.de\/index.php?rest_route=\/wp\/v2\/posts\/1303\/revisions\/1307"}],"wp:featuredmedia":[{"embeddable":true,"href":"https:\/\/prev.tt-versbach.de\/index.php?rest_route=\/wp\/v2\/media\/1304"}],"wp:attachment":[{"href":"https:\/\/prev.tt-versbach.de\/index.php?rest_route=%2Fwp%2Fv2%2Fmedia&parent=1303"}],"wp:term":[{"taxonomy":"category","embeddable":true,"href":"https:\/\/prev.tt-versbach.de\/index.php?rest_route=%2Fwp%2Fv2%2Fcategories&post=1303"},{"taxonomy":"post_tag","embeddable":true,"href":"https:\/\/prev.tt-versbach.de\/index.php?rest_route=%2Fwp%2Fv2%2Ftags&post=1303"}],"curies":[{"name":"wp","href":"https:\/\/api.w.org\/{rel}","templated":true}]}}