{"id":1181,"date":"2012-06-19T20:09:06","date_gmt":"2012-06-19T19:09:06","guid":{"rendered":"http:\/\/www.sb-versbach-tischtennis.de\/?p=1181"},"modified":"2012-06-19T20:09:46","modified_gmt":"2012-06-19T19:09:46","slug":"sb-versbach-bayerischer-pokalsieger-der-jugend","status":"publish","type":"post","link":"https:\/\/prev.tt-versbach.de\/?p=1181","title":{"rendered":"SB Versbach Bayerischer Pokalsieger der Tischtennis-Jugend"},"content":{"rendered":"<p>Die Erfolgsserie der Jugend rei\u00dft nicht ab. Nach der Meisterschaft in der Bezirksliga und dem Sieg beim Aufstiegsturnier zur Tischtennis Bayernliga haben Tang Yiyao, Bastian Sch\u00f6mig und Daniel Schlagm\u00fcller den Titel des Pokalsiegers der Bezirksklassen gewinnen k\u00f6nnen.<br \/>\nDer BTTV schreibt:<\/p>\n<blockquote><p>Einen Sieg f\u00fcr den Bezirk Unterfranken gab es auch auf Bezirksebene in Coburg, als der SB Versbach im Finale in der Besetzung: Tang Yiyao, Bastian Sch\u00f6mig und Daniel Schlagm\u00fcller) \u00fcber den SC Adelsdorf mit 5:3 siegreich war. <\/p><\/blockquote>\n<div id=\"attachment_1179\" style=\"width: 310px\" class=\"wp-caption aligncenter\"><a href=\"http:\/\/www.sb-versbach-tischtennis.de\/2012\/06\/19\/sb-versbach-bayerischer-pokalsieger-der-jugend\/jugendpokal\/\" rel=\"attachment wp-att-1179\"><img aria-describedby=\"caption-attachment-1179\" loading=\"lazy\" src=\"http:\/\/www.sb-versbach-tischtennis.de\/wp-content\/uploads\/2012\/06\/jugendpokal-300x152.jpg\" alt=\"Tang Yiyao, Bastian Sch\u00f6mig und Daniel Schlagm\u00fcller\" title=\"Bayerischer Pokalsieger f\u00fcr Bezirksligamanschaften Jugend 2012\" width=\"300\" height=\"152\" class=\"size-medium wp-image-1179\" srcset=\"https:\/\/prev.tt-versbach.de\/wp-content\/uploads\/2012\/06\/jugendpokal-300x152.jpg 300w, https:\/\/prev.tt-versbach.de\/wp-content\/uploads\/2012\/06\/jugendpokal-150x76.jpg 150w, https:\/\/prev.tt-versbach.de\/wp-content\/uploads\/2012\/06\/jugendpokal-400x203.jpg 400w, https:\/\/prev.tt-versbach.de\/wp-content\/uploads\/2012\/06\/jugendpokal.jpg 900w\" sizes=\"(max-width: 300px) 100vw, 300px\" \/><\/a><p id=\"caption-attachment-1179\" class=\"wp-caption-text\">Bayerischer Tischtennis-Pokalsieger f\u00fcr Bezirksligamannschaften wurde der SB Versbach bei der Endrunde in Coburg. Die siegreiche Mannschaft spielte mit: Tang Yiyao, Bastian Sch\u00f6mig und Daniel Schlagm\u00fcller.<\/p><\/div>\n","protected":false},"excerpt":{"rendered":"<p>Die Erfolgsserie der Jugend rei\u00dft nicht ab. Nach der Meisterschaft in der Bezirksliga und dem Sieg beim Aufstiegsturnier zur Tischtennis Bayernliga haben Tang Yiyao, Bastian Sch\u00f6mig und Daniel Schlagm\u00fcller den Titel des Pokalsiegers der&#46;&#46;&#46;<\/p>\n","protected":false},"author":2,"featured_media":1180,"comment_status":"closed","ping_status":"open","sticky":false,"template":"","format":"standard","meta":[],"categories":[],"tags":[],"_links":{"self":[{"href":"https:\/\/prev.tt-versbach.de\/index.php?rest_route=\/wp\/v2\/posts\/1181"}],"collection":[{"href":"https:\/\/prev.tt-versbach.de\/index.php?rest_route=\/wp\/v2\/posts"}],"about":[{"href":"https:\/\/prev.tt-versbach.de\/index.php?rest_route=\/wp\/v2\/types\/post"}],"author":[{"embeddable":true,"href":"https:\/\/prev.tt-versbach.de\/index.php?rest_route=\/wp\/v2\/users\/2"}],"replies":[{"embeddable":true,"href":"https:\/\/prev.tt-versbach.de\/index.php?rest_route=%2Fwp%2Fv2%2Fcomments&post=1181"}],"version-history":[{"count":7,"href":"https:\/\/prev.tt-versbach.de\/index.php?rest_route=\/wp\/v2\/posts\/1181\/revisions"}],"predecessor-version":[{"id":1188,"href":"https:\/\/prev.tt-versbach.de\/index.php?rest_route=\/wp\/v2\/posts\/1181\/revisions\/1188"}],"wp:featuredmedia":[{"embeddable":true,"href":"https:\/\/prev.tt-versbach.de\/index.php?rest_route=\/wp\/v2\/media\/1180"}],"wp:attachment":[{"href":"https:\/\/prev.tt-versbach.de\/index.php?rest_route=%2Fwp%2Fv2%2Fmedia&parent=1181"}],"wp:term":[{"taxonomy":"category","embeddable":true,"href":"https:\/\/prev.tt-versbach.de\/index.php?rest_route=%2Fwp%2Fv2%2Fcategories&post=1181"},{"taxonomy":"post_tag","embeddable":true,"href":"https:\/\/prev.tt-versbach.de\/index.php?rest_route=%2Fwp%2Fv2%2Ftags&post=1181"}],"curies":[{"name":"wp","href":"https:\/\/api.w.org\/{rel}","templated":true}]}}