{"id":1126,"date":"2012-06-01T09:29:41","date_gmt":"2012-06-01T08:29:41","guid":{"rendered":"http:\/\/www.sb-versbach-tischtennis.de\/?p=1126"},"modified":"2012-06-04T08:00:39","modified_gmt":"2012-06-04T07:00:39","slug":"wechselfrist-abgelaufen-viele-neue-gesichter","status":"publish","type":"post","link":"https:\/\/prev.tt-versbach.de\/?p=1126","title":{"rendered":"Wechselfrist abgelaufen: Viele neue Gesichter"},"content":{"rendered":"<div id=\"attachment_1131\" style=\"width: 160px\" class=\"wp-caption alignleft\"><a href=\"http:\/\/www.sb-versbach-tischtennis.de\/?attachment_id=1131\"><img aria-describedby=\"caption-attachment-1131\" loading=\"lazy\" class=\"size-thumbnail wp-image-1131\" title=\"Benjamin R\u00f6sner\" src=\"http:\/\/www.sb-versbach-tischtennis.de\/wp-content\/uploads\/2012\/06\/roesner-150x150.jpg\" alt=\"Benjamin R\u00f6sner\" width=\"150\" height=\"150\" srcset=\"https:\/\/prev.tt-versbach.de\/wp-content\/uploads\/2012\/06\/roesner-150x150.jpg 150w, https:\/\/prev.tt-versbach.de\/wp-content\/uploads\/2012\/06\/roesner.jpg 300w\" sizes=\"(max-width: 150px) 100vw, 150px\" \/><\/a><\/dt>\n<\/dl>\n<\/div>\n<p>Heute ist die Wechselfrist zur neuen Saison abgelaufen und der BTTV hat die Wechselliste auch gleich online gestellt. Bei Sportbund Versbach haben wir 4 Abg\u00e4nge zu verzeichnen aber auch <strong>13 Neuzug\u00e4nge<\/strong> nach W\u00fcrzburg gelockt!<\/p>\n<p>Hier unsere Wechelliste im \u00dcberblick:<\/p>\n<table border=\"0\" cellspacing=\"0\" cellpadding=\"0\">\n<tbody>\n<tr>\n<td colspan=\"4\">\n<h2>Wechsel aus Bayern<\/h2>\n<\/td>\n<\/tr>\n<tr>\n<th>Name, Vorname<\/th>\n<th>Altverein<\/th>\n<th>Verein<\/th>\n<\/tr>\n<tr>\n<td title=\"Wechsel per 01.07.2012\">Habermann,\u00a0Sebastian<\/td>\n<td>SB Versbach\u00a0(704027)<\/td>\n<td>SV Sportfreunde H\u00f6rn (WTTV\/157026)<\/td>\n<\/tr>\n<tr>\n<td title=\"Wechsel per 01.07.2012\">Kuternozinski,\u00a0Michal<\/td>\n<td>SB Versbach\u00a0(704027)<\/td>\n<td>TTV 1951\/66 Stadtallendorf (HeTTV\/13052)<\/td>\n<\/tr>\n<tr>\n<td colspan=\"4\">\n<h2>Wechsel innerhalb Bayern<\/h2>\n<\/td>\n<\/tr>\n<tr>\n<th>Name, Vorname<\/th>\n<th>Altverein<\/th>\n<th>Verein<\/th>\n<\/tr>\n<tr>\n<td title=\"Wechsel per 01.07.2012\">Ball,\u00a0Andreas<\/td>\n<td>TSV Eintracht Eschau\u00a0(702008)<\/td>\n<td>SB Versbach\u00a0(704027)<\/td>\n<\/tr>\n<tr>\n<td title=\"Wechsel per 01.07.2012\">Derra,\u00a0Nicholas<\/td>\n<td>SB Versbach\u00a0(704027)<\/td>\n<td>TTC Tiefenlauter\u00a0(503022)<\/td>\n<\/tr>\n<tr>\n<td title=\"Wechsel per 01.07.2012\">Fauth,\u00a0Heiner<\/td>\n<td>TTC Kist\/W\u00fcrzburg\u00a0(704012)<\/td>\n<td>SB Versbach\u00a0(704027)<\/td>\n<\/tr>\n<tr>\n<td title=\"Wechsel per 01.07.2012\">Gottal,\u00a0Jan<\/td>\n<td>DJK Sparta Noris N\u00fcrnberg\u00a0(606038)<\/td>\n<td>SB Versbach\u00a0(704027)<\/td>\n<\/tr>\n<tr>\n<td title=\"Wechsel per 01.07.2012\">Greissing,\u00a0Tobias<\/td>\n<td>TSV Reichenberg 1912\u00a0(704018)<\/td>\n<td>SB Versbach\u00a0(704027)<\/td>\n<\/tr>\n<tr>\n<td title=\"Wechsel per 01.07.2012\">Hofmann,\u00a0Yvonne<\/td>\n<td>TSV Reichenberg 1912\u00a0(704018)<\/td>\n<td>SB Versbach\u00a0(704027)<\/td>\n<\/tr>\n<tr>\n<td title=\"Wechsel per 01.07.2012\">Hu\u00dflein,\u00a0Rudi<\/td>\n<td>SB Versbach\u00a0(704027)<\/td>\n<td>FV SF Neubrunn \u00a0(704015)<\/td>\n<\/tr>\n<tr>\n<td title=\"Wechsel per 01.07.2012\">Kilian,\u00a0Samuel<\/td>\n<td>TG Zell 1862 \u00a0(704033)<\/td>\n<td>SB Versbach\u00a0(704027)<\/td>\n<\/tr>\n<tr>\n<td title=\"Wechsel per 01.07.2012\">Lohschelder,\u00a0Chatharina<\/td>\n<td>DJK TG Hausen\u00a0(706047)<\/td>\n<td>SB Versbach\u00a0(704027)<\/td>\n<\/tr>\n<tr>\n<td title=\"Wechsel per 01.07.2012\">R\u00f6sner,\u00a0Benjamin<\/td>\n<td>TV 1879 Hilpoltstein\u00a0(608006)<\/td>\n<td>SB Versbach\u00a0(704027)<\/td>\n<\/tr>\n<tr>\n<td title=\"Wechsel per 01.07.2012\">Scheer,\u00a0Andr\u00e9<\/td>\n<td>TSV Reichenberg 1912\u00a0(704018)<\/td>\n<td>SB Versbach\u00a0(704027)<\/td>\n<\/tr>\n<tr>\n<td title=\"Wechsel per 01.07.2012\">Schr\u00f6der,\u00a0Julian<\/td>\n<td>TG W\u00fcrzburg Heidingsfeld 1861\u00a0(708036)<\/td>\n<td>SB Versbach\u00a0(704027)<\/td>\n<\/tr>\n<tr>\n<td colspan=\"4\">\n<h2>Wechsel nach Bayern<\/h2>\n<\/td>\n<\/tr>\n<tr>\n<th>Name, Vorname<\/th>\n<th>Altverein<\/th>\n<th>Verein<\/th>\n<\/tr>\n<tr>\n<td title=\"Wechsel per 01.07.2012\">Fritsch,\u00a0Stefan<\/td>\n<td>Eintracht Frankfurt (HeTTV\/43009)<\/td>\n<td>SB Versbach\u00a0(704027)<\/td>\n<\/tr>\n<tr>\n<td title=\"Wechsel per 01.07.2012\">Helmle,\u00a0Alessandra<\/td>\n<td>DJK-Spvgg. M\u00fchlheim (HeTTV\/46021)<\/td>\n<td>SB Versbach\u00a0(704027)<\/td>\n<\/tr>\n<tr>\n<td title=\"Wechsel per 01.07.2012\">Kalies,\u00a0Theresa<\/td>\n<td>SC 09 Effelder (TTTV\/307006)<\/td>\n<td>SB Versbach\u00a0(704027)<\/td>\n<\/tr>\n<\/tbody>\n<\/table>\n<p>Besonders zufrieden k\u00f6nnen unsere Damen sein: mit den 4 Neuzug\u00e4ngen k\u00f6nnen wir nun in der n\u00e4chsten Saison gleich mit 3 Damenmannschaften an den Start gehen.<\/p>\n<div class=\"mceTemp\">\n<dl id=\"attachment_1136\" class=\"wp-caption alignright\" style=\"width: 250px;\">\n<dt class=\"wp-caption-dt\"><a href=\"http:\/\/www.sb-versbach-tischtennis.de\/?attachment_id=1136\"><img aria-describedby=\"caption-attachment-1131\" loading=\"lazy\" class=\" wp-image-1136  \" title=\"Daniel Geist und Andreas Ball\" src=\"http:\/\/www.sb-versbach-tischtennis.de\/wp-content\/uploads\/2012\/06\/Geist_Ball-300x198.jpg\" alt=\"\" width=\"240\" height=\"158\" srcset=\"https:\/\/prev.tt-versbach.de\/wp-content\/uploads\/2012\/06\/Geist_Ball-300x198.jpg 300w, https:\/\/prev.tt-versbach.de\/wp-content\/uploads\/2012\/06\/Geist_Ball-150x99.jpg 150w, https:\/\/prev.tt-versbach.de\/wp-content\/uploads\/2012\/06\/Geist_Ball-400x264.jpg 400w, https:\/\/prev.tt-versbach.de\/wp-content\/uploads\/2012\/06\/Geist_Ball.jpg 600w\" sizes=\"(max-width: 240px) 100vw, 240px\" \/><\/a><p id=\"caption-attachment-1131\" class=\"wp-caption-text\">In der kommenden Saison im Team zusammen: Daniel Geist und Andreas Ball - hier bei der Bayerischen Meisterschaft 2011 (Foto: Nils Rack)<\/p><\/div>\n<p>Auch unsere erste Herrenmannschaft wird in der kommenden Saison in neuer Aufstellung an die Platte gehen:<\/p>\n<p>Mit Andreas Ball und Benjamin R\u00f6sner kommen zwei Spieler nach W\u00fcrzburg zur\u00fcck, die beide schon Erfahrung in der 2. Bundesliga gesammelt haben und f\u00fcr Kist schon in der Regionalliga zusammengespielt haben.<\/p>\n<p>Dritter Ex-Kister im Bunde ist Jan Gottal, unsere neue Nr. 7. Jan wird an den meisten Spielen teilnehmen, da Benjamin R\u00f6sner von vorne herein aus beruflichen gr\u00fcnden nur gelegentliche Eins\u00e4tze zugesagt hat.<\/p>\n<p><strong>Unsere neue Aufstellung\u00a0 in der Tischtennis Oberliga der Herren lautet also:<\/strong><\/p>\n<p>1.1 R\u00f6sner (gelegentliche Eins\u00e4tze)<br \/>\n1.2 Ball<br \/>\n1.3 Geist<br \/>\n1.4 Stock<br \/>\n1.5 Weinhold<br \/>\n1.6 Welt<br \/>\n1.7 Gottal<\/p>\n<p>Auch wenn der Ein oder Andere schon l\u00e4nger bei uns Trainiert, <strong>begr\u00fc\u00dfen wir<\/strong> nun hiermit <strong>alle Neu-Versbacher aufs Herzlichste<\/strong>.<\/p>\n<p>Und auch den Abg\u00e4ngen Nicholas und Michal, so wie unseren langj\u00e4hrigen Mitgliedern Sebastian und Rudi, w\u00fcnschen wir alles Gute f\u00fcr die Zukunft in Ihren neuen Vereinen.<\/p>\n<p>&nbsp;<\/p>\n","protected":false},"excerpt":{"rendered":"<p>Auch unsere erste Herrenmannschaft wird in der kommenden Saison in neuer Aufstellung an die Platte gehen: Mit Andreas Ball und Benjamin R\u00f6sner kommen zwei Spieler nach W\u00fcrzburg zur\u00fcck, die beide schon Erfahrung in der&#46;&#46;&#46;<\/p>\n","protected":false},"author":2,"featured_media":1131,"comment_status":"closed","ping_status":"open","sticky":false,"template":"","format":"standard","meta":[],"categories":[],"tags":[],"_links":{"self":[{"href":"https:\/\/prev.tt-versbach.de\/index.php?rest_route=\/wp\/v2\/posts\/1126"}],"collection":[{"href":"https:\/\/prev.tt-versbach.de\/index.php?rest_route=\/wp\/v2\/posts"}],"about":[{"href":"https:\/\/prev.tt-versbach.de\/index.php?rest_route=\/wp\/v2\/types\/post"}],"author":[{"embeddable":true,"href":"https:\/\/prev.tt-versbach.de\/index.php?rest_route=\/wp\/v2\/users\/2"}],"replies":[{"embeddable":true,"href":"https:\/\/prev.tt-versbach.de\/index.php?rest_route=%2Fwp%2Fv2%2Fcomments&post=1126"}],"version-history":[{"count":15,"href":"https:\/\/prev.tt-versbach.de\/index.php?rest_route=\/wp\/v2\/posts\/1126\/revisions"}],"predecessor-version":[{"id":1130,"href":"https:\/\/prev.tt-versbach.de\/index.php?rest_route=\/wp\/v2\/posts\/1126\/revisions\/1130"}],"wp:featuredmedia":[{"embeddable":true,"href":"https:\/\/prev.tt-versbach.de\/index.php?rest_route=\/wp\/v2\/media\/1131"}],"wp:attachment":[{"href":"https:\/\/prev.tt-versbach.de\/index.php?rest_route=%2Fwp%2Fv2%2Fmedia&parent=1126"}],"wp:term":[{"taxonomy":"category","embeddable":true,"href":"https:\/\/prev.tt-versbach.de\/index.php?rest_route=%2Fwp%2Fv2%2Fcategories&post=1126"},{"taxonomy":"post_tag","embeddable":true,"href":"https:\/\/prev.tt-versbach.de\/index.php?rest_route=%2Fwp%2Fv2%2Ftags&post=1126"}],"curies":[{"name":"wp","href":"https:\/\/api.w.org\/{rel}","templated":true}]}}