{"id":1097,"date":"2012-07-17T13:38:04","date_gmt":"2012-07-17T12:38:04","guid":{"rendered":"http:\/\/www.sb-versbach-tischtennis.de\/?p=1097"},"modified":"2013-06-12T21:48:31","modified_gmt":"2013-06-12T20:48:31","slug":"25-bundesoffene-wurzburger-tischtennis-stadtmeisterschaften","status":"publish","type":"post","link":"https:\/\/prev.tt-versbach.de\/?p=1097","title":{"rendered":"25. Bundesoffene W\u00fcrzburger Tischtennis-Stadtmeisterschaften &#8211; Die Sieger"},"content":{"rendered":"<div id=\"attachment_1242\" style=\"width: 160px\" class=\"wp-caption alignleft\"><a href=\"http:\/\/www.sb-versbach-tischtennis.de\/2012\/07\/17\/25-bundesoffene-wurzburger-tischtennis-stadtmeisterschaften\/chtchetinine_ort\/\" rel=\"attachment wp-att-1242\"><img aria-describedby=\"caption-attachment-1242\" loading=\"lazy\" class=\"size-thumbnail wp-image-1242\" title=\"Chtchetinine_Ort\" src=\"http:\/\/www.sb-versbach-tischtennis.de\/wp-content\/uploads\/2012\/07\/Chtchetinine_Ort-150x150.jpg\" alt=\"Ex-Europameister Evgeni Chtchetinine gegen Jugend-Europameister Kilian Ort in der W\u00fcrzburger s.Oliver Arena\" width=\"150\" height=\"150\" \/><\/a><p id=\"caption-attachment-1242\" class=\"wp-caption-text\">Ex-Europameister Evgeni Chtchetinine gegen Jugend-Europameister Kilian Ort in der W\u00fcrzburger s.Oliver Arena<\/p><\/div>\n<p>Die Stadtmeisterschaften sind vor\u00fcber und aus fast 400 Teilnehmern wurden die W\u00fcrzburger Tischtennis-Stadtmeister ermittelt. Wir hoffe alle Teilnehmer hatten f\u00fcr sich ein erfolgreiches Wochenende und konnten zufrieden die teils recht lange Heimreise antreten. Die bisherigen R\u00fcckmeldungen zum Turnier- ablauf und -organisation waren zumindest allesamt positiv. Wir hoffen die Stadtmeisterschaften auch n\u00e4chsten Jahr abhalten zu k\u00f6nnen und sie in Zukunft wieder als feste Gr\u00f6\u00dfe im Turnierkalender zu etablieren. So bald wir einen Termin nennen k\u00f6nnen, erfahrt Ihr es hier auf der Seite\u00a0<a href=\"http:\/\/www.sb-versbach-tischtennis.de\">www.sb-versbach-tischtennis.de<\/a>\u00a0oder einfach\u00a0<a href=\"http:\/\/www.sb-versbach-tischtennis.de\">www.tt-versbach.de<\/a>.<\/p>\n<h2>Die Sieger<\/h2>\n<p>Die Siegerliste findet Ihr hier als PDF hinterlegt:\u00a0<a href=\"http:\/\/www.sb-versbach-tischtennis.de\/stadtmeisterschaft\/siegerliste_tt-stadtmeisterschaften_wue2012\/\" rel=\"attachment wp-att-1210\">Siegerliste_TT-Stadtmeisterschaften_Wue2012<\/a><\/p>\n<p>Und hier die Bilder:<\/p>\n<p><a href=\"http:\/\/www.sb-versbach-tischtennis.de\/?attachment_id=1219\"><img loading=\"lazy\" class=\"alignleft size-thumbnail wp-image-1219\" title=\"HerrenS\" src=\"http:\/\/www.sb-versbach-tischtennis.de\/wp-content\/uploads\/2012\/07\/HerrenS-150x150.jpg\" alt=\"\" width=\"150\" height=\"150\" \/><\/a><\/p>\n<h2>Herren S<\/h2>\n<p>Einzel:<br \/>\n1. Evgenui Chtchetinine<br \/>\n2. Felix Bindhammer<br \/>\n3. Grozdan Grozdanov<\/p>\n<p>Doppel:<br \/>\n1. Stock \/ Bindhammer<br \/>\n2. Mostowys \/ Rommelspacher<\/p>\n<hr \/>\n<h2>Herren A+<\/h2>\n<p><a href=\"http:\/\/www.sb-versbach-tischtennis.de\/?attachment_id=1215\"><img loading=\"lazy\" class=\"alignleft size-thumbnail wp-image-1215\" title=\"HerrenAplus\" src=\"http:\/\/www.sb-versbach-tischtennis.de\/wp-content\/uploads\/2012\/07\/HerrenAplus-150x150.jpg\" alt=\"\" width=\"150\" height=\"150\" \/><\/a>Einzel:<br \/>\n1.Andreas Ball<br \/>\n2. Jonas Christmann<br \/>\n3. Felix Schmidt-Arndt<\/p>\n<p>Doppel:<br \/>\n1. Welt \/ Forkel<br \/>\n2. Ball \/ Stock<\/p>\n<hr \/>\n<h2>Herren A<\/h2>\n<p>&nbsp;<\/p>\n<p><a href=\"http:\/\/www.sb-versbach-tischtennis.de\/?attachment_id=1214\"><img loading=\"lazy\" class=\"alignleft size-thumbnail wp-image-1214\" title=\"HerrenA\" src=\"http:\/\/www.sb-versbach-tischtennis.de\/wp-content\/uploads\/2012\/07\/HerrenA-150x150.jpg\" alt=\"\" width=\"150\" height=\"150\" \/><\/a>Einzel:<br \/>\n1. Stefan Schneider<br \/>\n2. Konrad Tiefenbacher<br \/>\n3. Phillipp Tresselt<\/p>\n<p>Doppel:<br \/>\n1. Eckstein \/ Lux<br \/>\n2. Schneider \/ Tiefenbacher<\/p>\n<hr \/>\n<h2>Herren B<\/h2>\n<p>&nbsp;<\/p>\n<p><a href=\"http:\/\/www.sb-versbach-tischtennis.de\/?attachment_id=1216\"><img loading=\"lazy\" class=\"alignleft size-thumbnail wp-image-1216\" title=\"HerrenB\" src=\"http:\/\/www.sb-versbach-tischtennis.de\/wp-content\/uploads\/2012\/07\/HerrenB-150x150.jpg\" alt=\"\" width=\"150\" height=\"150\" \/><\/a>Einzel:<br \/>\n1. Luca Hardt<br \/>\n2. Volker Lorrmann<br \/>\n3. Y\u00fcyang Wang<\/p>\n<p>Doppel:<br \/>\n1. Konrad \/ Rie\u00df<br \/>\n2. Lorrmann \/ Dudek<\/p>\n<hr \/>\n<h2>Herren C<\/h2>\n<p>&nbsp;<\/p>\n<p><a href=\"http:\/\/www.sb-versbach-tischtennis.de\/?attachment_id=1217\"><img loading=\"lazy\" class=\"alignleft size-thumbnail wp-image-1217\" title=\"HerrenC\" src=\"http:\/\/www.sb-versbach-tischtennis.de\/wp-content\/uploads\/2012\/07\/HerrenC-150x150.jpg\" alt=\"\" width=\"150\" height=\"150\" \/><\/a>Einzel:<br \/>\n1. Silvester Stirn<br \/>\n2. Dennis H\u00f6nes<br \/>\n3. Michael Mei\u00dfner<\/p>\n<p>Doppel:<br \/>\n1. Hansky \/ Stirn<br \/>\n2. Hoffmann \/ Ohly<\/p>\n<hr \/>\n<h2>Herren D<\/h2>\n<p>&nbsp;<\/p>\n<p><a href=\"http:\/\/www.sb-versbach-tischtennis.de\/?attachment_id=1218\"><img loading=\"lazy\" class=\"alignleft size-thumbnail wp-image-1218\" title=\"HerrenD\" src=\"http:\/\/www.sb-versbach-tischtennis.de\/wp-content\/uploads\/2012\/07\/HerrenD-150x150.jpg\" alt=\"\" width=\"150\" height=\"150\" \/><\/a>Einzel:<br \/>\n1. Marcus Tiede<br \/>\n2. Markus Epp<br \/>\n3. Helmut R\u00e4the<\/p>\n<p>Doppel:<br \/>\n1. Baumann \/ B\u00f6kenfeld<br \/>\n2. Fischer \/ M\u00fcller<\/p>\n<hr \/>\n<h2>Damen S<\/h2>\n<p>&nbsp;<\/p>\n<p><a href=\"http:\/\/www.sb-versbach-tischtennis.de\/?attachment_id=1213\"><img loading=\"lazy\" class=\"alignleft size-thumbnail wp-image-1213\" title=\"DamenS\" src=\"http:\/\/www.sb-versbach-tischtennis.de\/wp-content\/uploads\/2012\/07\/DamenS-150x150.jpg\" alt=\"\" width=\"150\" height=\"150\" \/><\/a>Einzel:<br \/>\n1. Annika Fischer<br \/>\n2. Anja Pohl<br \/>\n3. Sandra Hemrich<\/p>\n<p>Doppel:<br \/>\n1. Hemrich \/ Edelh\u00e4user<br \/>\n2. Fischer \/ Pohl<\/p>\n<hr \/>\n<h2>Damen B<\/h2>\n<p>&nbsp;<\/p>\n<p><a href=\"http:\/\/www.sb-versbach-tischtennis.de\/?attachment_id=1211\"><img loading=\"lazy\" class=\"alignleft size-thumbnail wp-image-1211\" title=\"DamenB\" src=\"http:\/\/www.sb-versbach-tischtennis.de\/wp-content\/uploads\/2012\/07\/DamenB-150x150.jpg\" alt=\"\" width=\"150\" height=\"150\" \/><\/a>Einzel:<br \/>\n1. Johanna Pfefferkorn<br \/>\n2. Laura Gutermann<br \/>\n3. Julia Eckhof<\/p>\n<p>Doppel:<br \/>\n1. Pfefferkorn \/ Stumpf<br \/>\n2. Gutermann \/ Lohschelder<\/p>\n<hr \/>\n<h2>Damen C<\/h2>\n<p>&nbsp;<\/p>\n<p><a href=\"http:\/\/www.sb-versbach-tischtennis.de\/?attachment_id=1212\"><img loading=\"lazy\" class=\"alignleft size-thumbnail wp-image-1212\" title=\"DamenC\" src=\"http:\/\/www.sb-versbach-tischtennis.de\/wp-content\/uploads\/2012\/07\/DamenC-150x150.jpg\" alt=\"\" width=\"150\" height=\"150\" \/><\/a>Einzel:<br \/>\n1. Karin Hegenbart<br \/>\n2. Melodi Birkmann<br \/>\n3. Cornelia Rudolf<\/p>\n<p>Doppel:<br \/>\n1. Sanchez \/ Hegenbart<br \/>\n2. Birkmann \/ Toth<\/p>\n<hr \/>\n<h2>Senioren \u00dc40<\/h2>\n<p>&nbsp;<\/p>\n<p><a href=\"http:\/\/www.sb-versbach-tischtennis.de\/?attachment_id=1229\"><img loading=\"lazy\" class=\"alignleft size-thumbnail wp-image-1229\" title=\"Senioren_UE40\" src=\"http:\/\/www.sb-versbach-tischtennis.de\/wp-content\/uploads\/2012\/07\/Senioren_UE40-150x150.jpg\" alt=\"\" width=\"150\" height=\"150\" \/><\/a>Einzel:<br \/>\n1. Alexander Krie\u00dfbach<br \/>\n2. Dietmar Weger<br \/>\n3. Jens Kretschmann<\/p>\n<p>Doppel:<br \/>\n1. Kretschmann \/ Krie\u00dfbach<br \/>\n2. Kapitza \/ Witt<\/p>\n<hr \/>\n<h2>Senioren \u00dc60<\/h2>\n<p>&nbsp;<\/p>\n<p><a href=\"http:\/\/www.sb-versbach-tischtennis.de\/?attachment_id=1230\"><img loading=\"lazy\" class=\"alignleft size-thumbnail wp-image-1230\" title=\"Senioren_UE60\" src=\"http:\/\/www.sb-versbach-tischtennis.de\/wp-content\/uploads\/2012\/07\/Senioren_UE60-150x150.jpg\" alt=\"\" width=\"150\" height=\"150\" \/><\/a>Einzel:<br \/>\n1. Merage Aliezadeh-Asl<br \/>\n2. Michael Zrenner<br \/>\n3. Reinhold Fella<\/p>\n<p>Doppel:<br \/>\nzusammen mit Senioren \u00dc40<\/p>\n<hr \/>\n<h2>Seniorinnen<\/h2>\n<p>&nbsp;<\/p>\n<p><a href=\"http:\/\/www.sb-versbach-tischtennis.de\/?attachment_id=1231\"><img loading=\"lazy\" class=\"alignleft size-thumbnail wp-image-1231\" title=\"Seniorinnen\" src=\"http:\/\/www.sb-versbach-tischtennis.de\/wp-content\/uploads\/2012\/07\/Seniorinnen-150x150.jpg\" alt=\"\" width=\"150\" height=\"150\" \/><\/a>Einzel:<br \/>\n1. Claudia Edelh\u00e4user<br \/>\n2. Katja Bussmann<br \/>\n3. Petra Kirschner<\/p>\n<p>Doppel:<br \/>\n1. Bussmann \/ Stumpf<br \/>\n2. Edelh\u00e4user \/ Kirschner<\/p>\n<hr \/>\n<h2>Jungen LK1<\/h2>\n<p>&nbsp;<\/p>\n<p><a href=\"http:\/\/www.sb-versbach-tischtennis.de\/?attachment_id=1220\"><img loading=\"lazy\" class=\"alignleft size-thumbnail wp-image-1220\" title=\"JungenLK1\" src=\"http:\/\/www.sb-versbach-tischtennis.de\/wp-content\/uploads\/2012\/07\/JungenLK1-150x150.jpg\" alt=\"\" width=\"150\" height=\"150\" \/><\/a>Einzel:<br \/>\n1. Marcel Gre\u00df<br \/>\n2. Till K\u00f6rner<br \/>\n3. Bj\u00f6rn Stelting<\/p>\n<p>Doppel:<br \/>\n1. Ma \/ Tewelde<br \/>\n2. Kilian \/ Schr\u00f6der<\/p>\n<hr \/>\n<h2>Jungen LK2<\/h2>\n<p>&nbsp;<\/p>\n<p><a href=\"http:\/\/www.sb-versbach-tischtennis.de\/?attachment_id=1221\"><img loading=\"lazy\" class=\"alignleft size-thumbnail wp-image-1221\" title=\"JungenLK2\" src=\"http:\/\/www.sb-versbach-tischtennis.de\/wp-content\/uploads\/2012\/07\/JungenLK2-150x150.jpg\" alt=\"\" width=\"150\" height=\"150\" \/><\/a>Einzel:<br \/>\n1. Christian Stelting<br \/>\n2. Aljoscha Barynskyy<br \/>\n3. Paul K\u00fchner<\/p>\n<p>Doppel:<br \/>\nzusammen mit LK1<\/p>\n<hr \/>\n<h2>M\u00e4dchen<\/h2>\n<p>&nbsp;<\/p>\n<p><a href=\"http:\/\/www.sb-versbach-tischtennis.de\/?attachment_id=1222\"><img loading=\"lazy\" class=\"alignleft size-thumbnail wp-image-1222\" title=\"Maedchen\" src=\"http:\/\/www.sb-versbach-tischtennis.de\/wp-content\/uploads\/2012\/07\/Maedchen-150x150.jpg\" alt=\"\" width=\"150\" height=\"150\" \/><\/a>Einzel:<br \/>\n1. Laura N\u00e4tscher<br \/>\n2. Julia Eckhof<br \/>\n3. Theresa N\u00e4tscher<\/p>\n<p>Doppel:<br \/>\n1. N\u00e4tscher \/ N\u00e4tscher<br \/>\n2. Hartung \/ Eckhof<\/p>\n<hr \/>\n<h2>Sch\u00fcler A LK1<\/h2>\n<p>&nbsp;<\/p>\n<p><a href=\"http:\/\/www.sb-versbach-tischtennis.de\/?attachment_id=1228\"><img loading=\"lazy\" class=\"alignleft size-thumbnail wp-image-1228\" title=\"Sch\u00fclerA_LK1\" src=\"http:\/\/www.sb-versbach-tischtennis.de\/wp-content\/uploads\/2012\/07\/Sch\u00fclerA_LK1-150x150.jpg\" alt=\"\" width=\"150\" height=\"150\" \/><\/a>Einzel:<br \/>\n1. Daniel Schlagm\u00fcller<br \/>\n2. David B\u00f6hm<br \/>\n3. Florian Engert<\/p>\n<p>Doppel:<br \/>\n1. Panzer \/ Schlagm\u00fcller<br \/>\n2. Werner \/ Tiede<\/p>\n<hr \/>\n<h2>Sch\u00fcler A LK2<\/h2>\n<p>&nbsp;<\/p>\n<p><a href=\"http:\/\/www.sb-versbach-tischtennis.de\/?attachment_id=1223\"><img loading=\"lazy\" class=\"alignleft size-thumbnail wp-image-1223\" title=\"SchuelerA_LK2\" src=\"http:\/\/www.sb-versbach-tischtennis.de\/wp-content\/uploads\/2012\/07\/SchuelerA_LK2-150x150.jpg\" alt=\"\" width=\"150\" height=\"150\" \/><\/a>Einzel:<br \/>\n1. Luca Dobry<br \/>\n2. David Jakovinovic<br \/>\n3. Victor Werner<\/p>\n<p>Doppel:<br \/>\nzusammen mit LK1<\/p>\n<hr \/>\n<h2>Sch\u00fclerinnnen A<\/h2>\n<p>&nbsp;<\/p>\n<p><a href=\"http:\/\/www.sb-versbach-tischtennis.de\/?attachment_id=1225\"><img loading=\"lazy\" class=\"alignleft size-thumbnail wp-image-1225\" title=\"SchuelerinnenA\" src=\"http:\/\/www.sb-versbach-tischtennis.de\/wp-content\/uploads\/2012\/07\/SchuelerinnenA-150x150.jpg\" alt=\"\" width=\"150\" height=\"150\" \/><\/a>Einzel:<br \/>\n1. Anna-Luisa Herrmann<br \/>\n2. Lisa Marie Gress<br \/>\n3. Jennifer Frick<\/p>\n<p>Doppel:<br \/>\n1. Gress \/ Herrmann<br \/>\n2. Edelh\u00e4user \/ Behringer<\/p>\n<hr \/>\n<h2>Sch\u00fcler B<\/h2>\n<p>&nbsp;<\/p>\n<p><a href=\"http:\/\/www.sb-versbach-tischtennis.de\/?attachment_id=1224\"><img loading=\"lazy\" class=\"alignleft size-thumbnail wp-image-1224\" title=\"SchuelerB\" src=\"http:\/\/www.sb-versbach-tischtennis.de\/wp-content\/uploads\/2012\/07\/SchuelerB-150x150.jpg\" alt=\"\" width=\"150\" height=\"150\" \/><\/a>Einzel:<br \/>\n1. Luca Dobry<br \/>\n2. Maurice Knecht<br \/>\n3. Alexander Kowel<\/p>\n<p>Doppel:<br \/>\n1. Dobry \/ Walk<br \/>\n2. Kiechle \/ Knecht<\/p>\n<hr \/>\n<h2>Sch\u00fcler C<\/h2>\n<p>&nbsp;<\/p>\n<p>Einzel:<br \/>\n1. Jordan Rudolf<br \/>\n2. Henrik Graser<br \/>\n3. Paul Kilian<\/p>\n<p>Doppel:<br \/>\n1. Drewlau \/ Engert<br \/>\n2. Rudolf \/ Rudolf<\/p>\n<hr \/>\n<h2>Sch\u00fclerinnen C<\/h2>\n<p>&nbsp;<\/p>\n<p><a href=\"http:\/\/www.sb-versbach-tischtennis.de\/?attachment_id=1226\"><img loading=\"lazy\" class=\"alignleft size-thumbnail wp-image-1226\" title=\"Schuelerinnen C\" src=\"http:\/\/www.sb-versbach-tischtennis.de\/wp-content\/uploads\/2012\/07\/SchuelerinnenB-150x150.jpg\" alt=\"\" width=\"150\" height=\"150\" \/><\/a>Einzel:<br \/>\n1. Felicia Behringer<br \/>\n2. Elena Edelh\u00e4user<br \/>\n3. Laurine Ort<\/p>\n<p>Doppel:<br \/>\nzusammen mit Sch\u00fclerinnen A<\/p>\n<hr \/>\n","protected":false},"excerpt":{"rendered":"<p>Die Stadtmeisterschaften sind vor\u00fcber und aus fast 400 Teilnehmern wurden die W\u00fcrzburger Tischtennis-Stadtmeister ermittelt. Wir hoffe alle Teilnehmer hatten f\u00fcr sich ein erfolgreiches Wochenende und konnten zufrieden die teils recht lange Heimreise antreten. Die&#46;&#46;&#46;<\/p>\n","protected":false},"author":2,"featured_media":1242,"comment_status":"closed","ping_status":"open","sticky":false,"template":"","format":"standard","meta":[],"categories":[],"tags":[],"_links":{"self":[{"href":"https:\/\/prev.tt-versbach.de\/index.php?rest_route=\/wp\/v2\/posts\/1097"}],"collection":[{"href":"https:\/\/prev.tt-versbach.de\/index.php?rest_route=\/wp\/v2\/posts"}],"about":[{"href":"https:\/\/prev.tt-versbach.de\/index.php?rest_route=\/wp\/v2\/types\/post"}],"author":[{"embeddable":true,"href":"https:\/\/prev.tt-versbach.de\/index.php?rest_route=\/wp\/v2\/users\/2"}],"replies":[{"embeddable":true,"href":"https:\/\/prev.tt-versbach.de\/index.php?rest_route=%2Fwp%2Fv2%2Fcomments&post=1097"}],"version-history":[{"count":38,"href":"https:\/\/prev.tt-versbach.de\/index.php?rest_route=\/wp\/v2\/posts\/1097\/revisions"}],"predecessor-version":[{"id":1111,"href":"https:\/\/prev.tt-versbach.de\/index.php?rest_route=\/wp\/v2\/posts\/1097\/revisions\/1111"}],"wp:featuredmedia":[{"embeddable":true,"href":"https:\/\/prev.tt-versbach.de\/index.php?rest_route=\/wp\/v2\/media\/1242"}],"wp:attachment":[{"href":"https:\/\/prev.tt-versbach.de\/index.php?rest_route=%2Fwp%2Fv2%2Fmedia&parent=1097"}],"wp:term":[{"taxonomy":"category","embeddable":true,"href":"https:\/\/prev.tt-versbach.de\/index.php?rest_route=%2Fwp%2Fv2%2Fcategories&post=1097"},{"taxonomy":"post_tag","embeddable":true,"href":"https:\/\/prev.tt-versbach.de\/index.php?rest_route=%2Fwp%2Fv2%2Ftags&post=1097"}],"curies":[{"name":"wp","href":"https:\/\/api.w.org\/{rel}","templated":true}]}}