{"id":1011,"date":"2012-04-07T18:04:07","date_gmt":"2012-04-07T17:04:07","guid":{"rendered":"http:\/\/www.sb-versbach-tischtennis.de\/?p=1011"},"modified":"2012-04-08T21:18:58","modified_gmt":"2012-04-08T20:18:58","slug":"1011","status":"publish","type":"post","link":"https:\/\/prev.tt-versbach.de\/?p=1011","title":{"rendered":"Positives Saison-Res\u00fcmee unserer Damenmannschaften"},"content":{"rendered":"<p>Die Saison neigt sich dem Ende zu und Daniela Baumann, unsere Damen-Doppel-Mannschaftsf\u00fchrerin, sie betreut sowohl die erste als auch die zweite Mannschaft, zieht ein positives Res\u00fcmee:<\/p>\n<h3>1.Damen<\/h3>\n<p>Mit dem letzten Spiel der Saison und einem m\u00fchelosen Sieg, (8:3 gegen den TSV Lauf) endet f\u00fcr die 1. Damenmannschaft eine durchwachsene Saison. Stand doch der Start in die neue Saison f\u00fcr die Damen Alex Heer, Kerstin Hemrich, Silvia St\u00e4blein und Franzsika Ort unter keinem guten Stern. Alex Heer als Nummer eins musste verletzungsbedingt fast die komplette Vorrunde pausieren. Mit Unterst\u00fctzung aus der 2. Damenmannschaft konnte man diesen Ausfall kompensieren und gegen Ende der R\u00fcckrunde zeigte sich mit dem guten Mannschaftsgeist und die geschlossene Mannschaftsleistung, dass man auch siegen kann, wenn es darauf ankommt. Mit einer kleinen Siegesserie von drei gewonnen Spielen beenden die vier Damen die Saison auf einem guten Mittelfeldplatz.<\/p>\n<h3>2. Damen<\/h3>\n<p>Die neugegr\u00fcndete 2. Damenmannschaft durfte, nach der Intervention des Bezirksvorsitzenden Joachim Car, in der Landesliga starten und wurde zum Ende der Saison den Erwartungen auch gerecht. Mit den Spielerinnen Daniela Baumann, Sabrina Negele, Ines Langer, Chrissy Denz, Laura Gutermann und Birgit Ort belegt man am Ende der Saison &#8211; genau wie auch die 1. Damennmannschaft &#8211; eine guten Mittelfeldplatz. Waren die Spielerinnen zum Start in die Saison noch ein bisschen unsicher, die wenigesten kannten sich vorher, so zeigte sich schon zum Beginn der R\u00fcckrunde, dass der Teamgeist stimmte und der Spa\u00dffaktor in dieser Mannschaft hoch ist. Diese gute Stimmung spieglt die guten Ergebnisse gerade in der R\u00fcckrunde wieder. Entspannt kann man nun am n\u00e4chsten Samstag den\u00a0TTC Tiefenlauter in W\u00fcrzburg begr\u00fc\u00dfen (Spielbeginn: 19.00 Uhr in der Versbacher Pleichachtalhalle) und danach zufrieden in die Sommerpause gehen.<\/p>\n","protected":false},"excerpt":{"rendered":"<p>Die Saison neigt sich dem Ende zu und Daniela Baumann, unsere Damen-Doppel-Mannschaftsf\u00fchrerin, sie betreut sowohl die erste als auch die zweite Mannschaft, zieht ein positives Res\u00fcmee: 1.Damen Mit dem letzten Spiel der Saison und&#46;&#46;&#46;<\/p>\n","protected":false},"author":2,"featured_media":0,"comment_status":"closed","ping_status":"open","sticky":false,"template":"","format":"standard","meta":[],"categories":[],"tags":[],"_links":{"self":[{"href":"https:\/\/prev.tt-versbach.de\/index.php?rest_route=\/wp\/v2\/posts\/1011"}],"collection":[{"href":"https:\/\/prev.tt-versbach.de\/index.php?rest_route=\/wp\/v2\/posts"}],"about":[{"href":"https:\/\/prev.tt-versbach.de\/index.php?rest_route=\/wp\/v2\/types\/post"}],"author":[{"embeddable":true,"href":"https:\/\/prev.tt-versbach.de\/index.php?rest_route=\/wp\/v2\/users\/2"}],"replies":[{"embeddable":true,"href":"https:\/\/prev.tt-versbach.de\/index.php?rest_route=%2Fwp%2Fv2%2Fcomments&post=1011"}],"version-history":[{"count":3,"href":"https:\/\/prev.tt-versbach.de\/index.php?rest_route=\/wp\/v2\/posts\/1011\/revisions"}],"predecessor-version":[{"id":1014,"href":"https:\/\/prev.tt-versbach.de\/index.php?rest_route=\/wp\/v2\/posts\/1011\/revisions\/1014"}],"wp:attachment":[{"href":"https:\/\/prev.tt-versbach.de\/index.php?rest_route=%2Fwp%2Fv2%2Fmedia&parent=1011"}],"wp:term":[{"taxonomy":"category","embeddable":true,"href":"https:\/\/prev.tt-versbach.de\/index.php?rest_route=%2Fwp%2Fv2%2Fcategories&post=1011"},{"taxonomy":"post_tag","embeddable":true,"href":"https:\/\/prev.tt-versbach.de\/index.php?rest_route=%2Fwp%2Fv2%2Ftags&post=1011"}],"curies":[{"name":"wp","href":"https:\/\/api.w.org\/{rel}","templated":true}]}}